{"id":62399,"date":"2023-11-23T10:30:00","date_gmt":"2023-11-23T16:30:00","guid":{"rendered":"http:\/\/www.zonaroja.com.mx\/?p=62399"},"modified":"2023-11-23T07:03:28","modified_gmt":"2023-11-23T13:03:28","slug":"tras-renuncia-de-su-hijo-al-pri-quitan-a-jose-murat-de-fundacion-colosio","status":"publish","type":"post","link":"https:\/\/zonaroja.com.mx\/?p=62399","title":{"rendered":"Tras renuncia de su hijo al PRI, quitan a Jos\u00e9 Murat de Fundaci\u00f3n Colosio"},"content":{"rendered":"\n<p>Redacci\u00f3n\/Zona Roja Cdmx.<\/p>\n\n\n\n<p>Ciudad de M\u00e9xico, a 23 de noviembre de 2023.- El dirigente nacional del PRI, Alejandro Moreno, nombr\u00f3 como presidente de la Fundaci\u00f3n Colosio a Samuel Palma, en un acto en el que no estuvo presente ni fue mencionado su antecesor, Jos\u00e9 Murat.<\/p>\n\n\n\n<p>El cambio del m\u00e1ximo instituto de estudios priista se da a una semana de la renuncia del hijo de Murat y tambi\u00e9n ex gobernador de Oaxaca, Alejandro Murat.<\/p>\n\n\n\n<p>As\u00ed, en sesi\u00f3n extraordinaria de la Asamblea General de la Fundaci\u00f3n, celebrada en la sede nacional del PRI, Moreno calific\u00f3 a Samuel Palma como un gran priista, dijo que el gran reto de esa instituci\u00f3n, pasa por ser la br\u00fajula que oriente el rumbo del tricolor para ser la opci\u00f3n viable, confiable y con visi\u00f3n de futuro que M\u00e9xico necesita.<\/p>\n\n\n\n<p>Expuso que desde la parte ideol\u00f3gica, de estudio y contraste de ideas, la Fundaci\u00f3n Colosio siempre ofrece al partido argumentos y una visi\u00f3n amplia de la pol\u00edtica, del papel del PRI en la sociedad mexicana, de la democracia y de los problemas urgentes de M\u00e9xico.<\/p>\n\n\n\n<p>Acompa\u00f1ado por los integrantes del CEN, el l\u00edder nacional del tricolor se refiri\u00f3 a la coyuntura pol\u00edtica y social que enfrenta la naci\u00f3n, y advirti\u00f3 que hoy la democracia se encuentra en un periodo de contracci\u00f3n.<\/p>\n\n\n\n<p>El Presidente Alejandro Moreno estableci\u00f3 que ese es un fen\u00f3meno que no s\u00f3lo vemos en M\u00e9xico, sino en todas las latitudes. \u201cEl ascenso de los discursos populistas y antisistema ha seducido a diversos electorados, ofreciendo salidas f\u00e1ciles y recetas milagro para contrarrestar los malos desempe\u00f1os de sus gobiernos\u201d.<\/p>\n\n\n\n<p>Consider\u00f3 que en M\u00e9xico, este fen\u00f3meno se ha traducido en la llegada de un r\u00e9gimen de vocaci\u00f3n autoritaria y centralista, un r\u00e9gimen que mira al pasado, sacrificando pluralidad y consenso, que promueve el poder absoluto, que no conoce de contrapesos, que desprecia la divisi\u00f3n e independencia de los Poderes y anula a las voces de oposici\u00f3n.<\/p>\n\n\n\n<p>Acompa\u00f1ado por los coordinadores parlamentarios en el Senado y la C\u00e1mara de Diputados, Manuel A\u00f1orve y Rub\u00e9n Moreira, as\u00ed como de la senadora Beatriz Paredes, precis\u00f3 que el PRI ha asumido la responsabilidad de luchar por la vigencia de los valores democr\u00e1ticos, ya que, indic\u00f3, \u201csomos promotores del debate plural, de la participaci\u00f3n pol\u00edtica de amplios sectores de la sociedad, de la vinculaci\u00f3n entre partidos pol\u00edticos y sociedad civil organizada\u201d.<\/p>\n\n\n\n<p>(Informaci\u00f3n de \u201cMilenio\u201d)<\/p>\n","protected":false},"excerpt":{"rendered":"<p>Redacci\u00f3n\/Zona Roja Cdmx. Ciudad de M\u00e9xico, a 23 de noviembre de 2023.- El dirigente nacional&hellip;<\/p>\n","protected":false},"author":2,"featured_media":62392,"comment_status":"closed","ping_status":"open","sticky":false,"template":"","format":"standard","meta":{"_lmt_disableupdate":"","_lmt_disable":"","_jetpack_memberships_contains_paid_content":false,"footnotes":""},"categories":[109,47],"tags":[3515],"class_list":["post-62399","post","type-post","status-publish","format-standard","has-post-thumbnail","hentry","category-minuto-a-minuto","category-zona-gris","tag-jose-murat-casab"],"jetpack_featured_media_url":"https:\/\/zonaroja.com.mx\/wp-content\/uploads\/2023\/11\/Cambios-Fundacion-Colosio-Jose-Murat.jpeg.webp","jetpack_sharing_enabled":true,"_links":{"self":[{"href":"https:\/\/zonaroja.com.mx\/index.php?rest_route=\/wp\/v2\/posts\/62399","targetHints":{"allow":["GET"]}}],"collection":[{"href":"https:\/\/zonaroja.com.mx\/index.php?rest_route=\/wp\/v2\/posts"}],"about":[{"href":"https:\/\/zonaroja.com.mx\/index.php?rest_route=\/wp\/v2\/types\/post"}],"author":[{"embeddable":true,"href":"https:\/\/zonaroja.com.mx\/index.php?rest_route=\/wp\/v2\/users\/2"}],"replies":[{"embeddable":true,"href":"https:\/\/zonaroja.com.mx\/index.php?rest_route=%2Fwp%2Fv2%2Fcomments&post=62399"}],"version-history":[{"count":1,"href":"https:\/\/zonaroja.com.mx\/index.php?rest_route=\/wp\/v2\/posts\/62399\/revisions"}],"predecessor-version":[{"id":62400,"href":"https:\/\/zonaroja.com.mx\/index.php?rest_route=\/wp\/v2\/posts\/62399\/revisions\/62400"}],"wp:featuredmedia":[{"embeddable":true,"href":"https:\/\/zonaroja.com.mx\/index.php?rest_route=\/wp\/v2\/media\/62392"}],"wp:attachment":[{"href":"https:\/\/zonaroja.com.mx\/index.php?rest_route=%2Fwp%2Fv2%2Fmedia&parent=62399"}],"wp:term":[{"taxonomy":"category","embeddable":true,"href":"https:\/\/zonaroja.com.mx\/index.php?rest_route=%2Fwp%2Fv2%2Fcategories&post=62399"},{"taxonomy":"post_tag","embeddable":true,"href":"https:\/\/zonaroja.com.mx\/index.php?rest_route=%2Fwp%2Fv2%2Ftags&post=62399"}],"curies":[{"name":"wp","href":"https:\/\/api.w.org\/{rel}","templated":true}]}}