{"id":62401,"date":"2023-11-23T11:30:00","date_gmt":"2023-11-23T17:30:00","guid":{"rendered":"http:\/\/www.zonaroja.com.mx\/?p=62401"},"modified":"2023-11-23T07:09:12","modified_gmt":"2023-11-23T13:09:12","slug":"reitera-tribunal-que-dante-montano-cometio-violencia-de-genero-y-lo-multa","status":"publish","type":"post","link":"https:\/\/zonaroja.com.mx\/?p=62401","title":{"rendered":"Reitera Tribunal que Dante Monta\u00f1o cometi\u00f3 violencia de g\u00e9nero y lo multa"},"content":{"rendered":"\n<p>Redacci\u00f3n\/Zona Roja.&nbsp;<\/p>\n\n\n\n<p>Oaxaca de Ju\u00e1rez, Oax., a 23 de noviembre de 2023.- En sesi\u00f3n p\u00fablica, por unanimidad, el Pleno del Tribunal Electoral del Estado de Oaxaca (TEEO) impuso una multa por la cantidad de 10 mil 374 pesos a Dante Monta\u00f1o Montero, quien se desempe\u00f1\u00f3 como presidente municipal de Santa Lucia del Camino en el periodo 2019-2021, por su responsabilidad en la comisi\u00f3n de violencia pol\u00edtica en contra de una ex regidora de ese ayuntamiento.<\/p>\n\n\n\n<p>Mediante la sentencia del Procedimiento Especial Sancionador identificado con la clave: PES\/02\/2023, el \u00f3rgano se\u00f1al\u00f3 que qued\u00f3 demostrado en autos la vulneraci\u00f3n al derecho pol\u00edtico electoral de la ex concejal a ser votada.<\/p>\n\n\n\n<p>Detall\u00f3 que la violencia pol\u00edtica se origin\u00f3 en la obstrucci\u00f3n al ejercicio de su cargo, al no permitirle la entrada a su oficina, retirar la puerta sin su consentimiento y la omisi\u00f3n del pago de sus dietas.<\/p>\n\n\n\n<p>El Tribunal consider\u00f3 inexistente la violencia pol\u00edtica en raz\u00f3n de g\u00e9nero alegada por la actora, ya que, de los hechos acreditados, no se logr\u00f3 desprender alg\u00fan elemento objetivo que permitiera distinguir un trato distinto de la ex regidora por el motivo de ser una mujer.<\/p>\n\n\n\n<p>Aunado a la sanci\u00f3n econ\u00f3mica, el TEEO dict\u00f3 medidas de reparaci\u00f3n en favor de la denunciante.&nbsp;<\/p>\n","protected":false},"excerpt":{"rendered":"<p>Redacci\u00f3n\/Zona Roja.&nbsp; Oaxaca de Ju\u00e1rez, Oax., a 23 de noviembre de 2023.- En sesi\u00f3n p\u00fablica,&hellip;<\/p>\n","protected":false},"author":2,"featured_media":27254,"comment_status":"closed","ping_status":"open","sticky":false,"template":"","format":"standard","meta":{"_lmt_disableupdate":"","_lmt_disable":"","_jetpack_memberships_contains_paid_content":false,"footnotes":""},"categories":[109,47],"tags":[585],"class_list":["post-62401","post","type-post","status-publish","format-standard","has-post-thumbnail","hentry","category-minuto-a-minuto","category-zona-gris","tag-dante-montano-montero"],"jetpack_featured_media_url":"https:\/\/zonaroja.com.mx\/wp-content\/uploads\/2021\/05\/Dante-Montano.jpg","jetpack_sharing_enabled":true,"_links":{"self":[{"href":"https:\/\/zonaroja.com.mx\/index.php?rest_route=\/wp\/v2\/posts\/62401","targetHints":{"allow":["GET"]}}],"collection":[{"href":"https:\/\/zonaroja.com.mx\/index.php?rest_route=\/wp\/v2\/posts"}],"about":[{"href":"https:\/\/zonaroja.com.mx\/index.php?rest_route=\/wp\/v2\/types\/post"}],"author":[{"embeddable":true,"href":"https:\/\/zonaroja.com.mx\/index.php?rest_route=\/wp\/v2\/users\/2"}],"replies":[{"embeddable":true,"href":"https:\/\/zonaroja.com.mx\/index.php?rest_route=%2Fwp%2Fv2%2Fcomments&post=62401"}],"version-history":[{"count":1,"href":"https:\/\/zonaroja.com.mx\/index.php?rest_route=\/wp\/v2\/posts\/62401\/revisions"}],"predecessor-version":[{"id":62402,"href":"https:\/\/zonaroja.com.mx\/index.php?rest_route=\/wp\/v2\/posts\/62401\/revisions\/62402"}],"wp:featuredmedia":[{"embeddable":true,"href":"https:\/\/zonaroja.com.mx\/index.php?rest_route=\/wp\/v2\/media\/27254"}],"wp:attachment":[{"href":"https:\/\/zonaroja.com.mx\/index.php?rest_route=%2Fwp%2Fv2%2Fmedia&parent=62401"}],"wp:term":[{"taxonomy":"category","embeddable":true,"href":"https:\/\/zonaroja.com.mx\/index.php?rest_route=%2Fwp%2Fv2%2Fcategories&post=62401"},{"taxonomy":"post_tag","embeddable":true,"href":"https:\/\/zonaroja.com.mx\/index.php?rest_route=%2Fwp%2Fv2%2Ftags&post=62401"}],"curies":[{"name":"wp","href":"https:\/\/api.w.org\/{rel}","templated":true}]}}