{"id":62403,"date":"2023-11-23T12:30:00","date_gmt":"2023-11-23T18:30:00","guid":{"rendered":"http:\/\/www.zonaroja.com.mx\/?p=62403"},"modified":"2023-11-23T07:12:59","modified_gmt":"2023-11-23T13:12:59","slug":"inician-triquis-de-oaxaca-planton-en-la-ciudad-de-mexico","status":"publish","type":"post","link":"https:\/\/zonaroja.com.mx\/?p=62403","title":{"rendered":"Inician Triquis de Oaxaca \u201cplant\u00f3n\u201d en la Ciudad de M\u00e9xico\u00a0"},"content":{"rendered":"\n<p>Redacci\u00f3n\/Zona Roja Cdmx.<\/p>\n\n\n\n<p>Ciudad de M\u00e9xico, a 23 de noviembre de 2023.- Ciudad de M\u00e9xico. Integrantes del Movimiento de Unificaci\u00f3n y Lucha Triqui Independiente (MULTI) marcharon ayer del \u00c1ngel de la Independencia a Palacio Nacional, para exigir a las autoridades federales que cumplan con su compromiso de garantizar un retorno seguro a su comunidad en Tierra Blanca Copala, Oaxaca.<\/p>\n\n\n\n<p>Se trata de 143 familias ind\u00edgenas triquis desplazadas, que desde el 26 de diciembre de 2020 abandonaron sus hogares en el poblado ubicado en la regi\u00f3n de la Mixteca, debido a que fueron agredidos por otro grupo de la misma etnia, el Movimiento de Unificaci\u00f3n y Lucha Triqui (MULT).<\/p>\n\n\n\n<p>Horacio Santiago, del MULTI, -quien ha acompa\u00f1ado a las v\u00edctimas- se\u00f1al\u00f3 que se movilizaron a la sede del Poder Ejecutivo para solicitar al Presidente de la Rep\u00fablica Andr\u00e9s Manuel L\u00f3pez Obrador intervenga para detener los ataques armados en su contra, por parte de otro grupo, y advirtieron que de no ser atendidas sus demandas tienen planeado realizar un \u201cplant\u00f3n\u201d.<\/p>\n\n\n\n<p>Adem\u00e1s, demandaron sean reinstaladas las mesas de negociaci\u00f3n en la Secretar\u00eda de Gobernaci\u00f3n, que desde hace 10 meses \u201cest\u00e1n pausadas\u201d, con presencia del Gobierno de Oaxaca y la Secretar\u00eda de Gobernaci\u00f3n del estado.Mencion\u00f3 que desde enero de 2021 se han realizado m\u00e1s de 100 mesas de di\u00e1logo y se ha intentado en seis ocasiones el retorno seguro de las 143 familias a Tierra Blanca Copala, pero esto no se ha concretado.<\/p>\n\n\n\n<p>Entre sus demandas tambi\u00e9n destaca que el Estado mexicano acepte las medidas cautelares que emiti\u00f3 la Comisi\u00f3n Interamericana de Derechos Humanos (CIDH) el pasado 27 octubre, a favor de las familias desplazadas, en la que se exige el retorno seguro y justicia a las v\u00edctimas.<\/p>\n\n\n\n<p>(Informaci\u00f3n de \u201cLa Jornada\u201d)<\/p>\n","protected":false},"excerpt":{"rendered":"<p>Redacci\u00f3n\/Zona Roja Cdmx. Ciudad de M\u00e9xico, a 23 de noviembre de 2023.- Ciudad de M\u00e9xico.&hellip;<\/p>\n","protected":false},"author":2,"featured_media":62372,"comment_status":"closed","ping_status":"open","sticky":false,"template":"","format":"standard","meta":{"_lmt_disableupdate":"","_lmt_disable":"","_jetpack_memberships_contains_paid_content":false,"footnotes":""},"categories":[109,47],"tags":[2411],"class_list":["post-62403","post","type-post","status-publish","format-standard","has-post-thumbnail","hentry","category-minuto-a-minuto","category-zona-gris","tag-movimiento-de-unificacion-y-lucha-triqui-independiente-multi"],"jetpack_featured_media_url":"https:\/\/zonaroja.com.mx\/wp-content\/uploads\/2023\/11\/Marcha-caravana-MULTI.jpg","jetpack_sharing_enabled":true,"_links":{"self":[{"href":"https:\/\/zonaroja.com.mx\/index.php?rest_route=\/wp\/v2\/posts\/62403","targetHints":{"allow":["GET"]}}],"collection":[{"href":"https:\/\/zonaroja.com.mx\/index.php?rest_route=\/wp\/v2\/posts"}],"about":[{"href":"https:\/\/zonaroja.com.mx\/index.php?rest_route=\/wp\/v2\/types\/post"}],"author":[{"embeddable":true,"href":"https:\/\/zonaroja.com.mx\/index.php?rest_route=\/wp\/v2\/users\/2"}],"replies":[{"embeddable":true,"href":"https:\/\/zonaroja.com.mx\/index.php?rest_route=%2Fwp%2Fv2%2Fcomments&post=62403"}],"version-history":[{"count":1,"href":"https:\/\/zonaroja.com.mx\/index.php?rest_route=\/wp\/v2\/posts\/62403\/revisions"}],"predecessor-version":[{"id":62404,"href":"https:\/\/zonaroja.com.mx\/index.php?rest_route=\/wp\/v2\/posts\/62403\/revisions\/62404"}],"wp:featuredmedia":[{"embeddable":true,"href":"https:\/\/zonaroja.com.mx\/index.php?rest_route=\/wp\/v2\/media\/62372"}],"wp:attachment":[{"href":"https:\/\/zonaroja.com.mx\/index.php?rest_route=%2Fwp%2Fv2%2Fmedia&parent=62403"}],"wp:term":[{"taxonomy":"category","embeddable":true,"href":"https:\/\/zonaroja.com.mx\/index.php?rest_route=%2Fwp%2Fv2%2Fcategories&post=62403"},{"taxonomy":"post_tag","embeddable":true,"href":"https:\/\/zonaroja.com.mx\/index.php?rest_route=%2Fwp%2Fv2%2Ftags&post=62403"}],"curies":[{"name":"wp","href":"https:\/\/api.w.org\/{rel}","templated":true}]}}