{"id":62405,"date":"2023-11-23T07:30:16","date_gmt":"2023-11-23T13:30:16","guid":{"rendered":"http:\/\/www.zonaroja.com.mx\/?p=62405"},"modified":"2023-11-23T07:30:18","modified_gmt":"2023-11-23T13:30:18","slug":"mas-inseguridad-en-la-capital-de-oaxaca-atacan-a-balazos-a-individuo","status":"publish","type":"post","link":"https:\/\/zonaroja.com.mx\/?p=62405","title":{"rendered":"M\u00e1s inseguridad en la capital de Oaxaca: atacan a balazos a individuo"},"content":{"rendered":"\n<p>Ismael Garc\u00eda M.\/Zona Roja.<\/p>\n\n\n\n<p>Oaxaca de Ju\u00e1rez, Oax., a 23 de noviembre de 2023.- A falta de vigilancia policiaca, una persona del sexo masculino fue atacada a balazos la madrugada de este jueves en la ciudad de Oaxaca.<\/p>\n\n\n\n<p>Los hechos se registraron en una calle del barrio La Chigulera, de la agencia de San Felipe del Agua, ubicada al norte de la capital y zona residencial de pol\u00edticos, empresarios y funcionarios p\u00fablicos.<\/p>\n\n\n\n<p>Sujetos armados dispararon en contra de la v\u00edctima, quien recibi\u00f3 al menos cinco impactos de arma de fuego y al considerar que lo hab\u00edan asesinado, huyeron de la zona.<\/p>\n\n\n\n<p>Param\u00e9dicos de la Cruz Roja Mexicana arribaron al sitio para atender al individuo, identificado de manera preliminar como Enrique \u201cN\u201d, y tras estabilizarlo, lo trasladaron al Hospital Civil de la capital en estado grave de salud.<\/p>\n\n\n\n<p>Polic\u00edas municipales, al mando del militar Ra\u00fal \u00c1vila Ibarra arribaron tarde al lugar de los hechos, por lo que \u00fanicamente resguardaron la escena del ataque armado en tanto la Fiscal\u00eda General del Estado de Oaxaca efectuaba las diligencias correspondientes.<\/p>\n","protected":false},"excerpt":{"rendered":"<p>Ismael Garc\u00eda M.\/Zona Roja. Oaxaca de Ju\u00e1rez, Oax., a 23 de noviembre de 2023.- A&hellip;<\/p>\n","protected":false},"author":2,"featured_media":62406,"comment_status":"closed","ping_status":"open","sticky":false,"template":"","format":"standard","meta":{"_lmt_disableupdate":"","_lmt_disable":"","_jetpack_memberships_contains_paid_content":false,"footnotes":""},"categories":[109,47],"tags":[148],"class_list":["post-62405","post","type-post","status-publish","format-standard","has-post-thumbnail","hentry","category-minuto-a-minuto","category-zona-gris","tag-oaxaca-de-juarez"],"jetpack_featured_media_url":"https:\/\/zonaroja.com.mx\/wp-content\/uploads\/2023\/11\/Baleado-San-Felipe-del-Agua-Oaxaca.jpg","jetpack_sharing_enabled":true,"_links":{"self":[{"href":"https:\/\/zonaroja.com.mx\/index.php?rest_route=\/wp\/v2\/posts\/62405","targetHints":{"allow":["GET"]}}],"collection":[{"href":"https:\/\/zonaroja.com.mx\/index.php?rest_route=\/wp\/v2\/posts"}],"about":[{"href":"https:\/\/zonaroja.com.mx\/index.php?rest_route=\/wp\/v2\/types\/post"}],"author":[{"embeddable":true,"href":"https:\/\/zonaroja.com.mx\/index.php?rest_route=\/wp\/v2\/users\/2"}],"replies":[{"embeddable":true,"href":"https:\/\/zonaroja.com.mx\/index.php?rest_route=%2Fwp%2Fv2%2Fcomments&post=62405"}],"version-history":[{"count":1,"href":"https:\/\/zonaroja.com.mx\/index.php?rest_route=\/wp\/v2\/posts\/62405\/revisions"}],"predecessor-version":[{"id":62407,"href":"https:\/\/zonaroja.com.mx\/index.php?rest_route=\/wp\/v2\/posts\/62405\/revisions\/62407"}],"wp:featuredmedia":[{"embeddable":true,"href":"https:\/\/zonaroja.com.mx\/index.php?rest_route=\/wp\/v2\/media\/62406"}],"wp:attachment":[{"href":"https:\/\/zonaroja.com.mx\/index.php?rest_route=%2Fwp%2Fv2%2Fmedia&parent=62405"}],"wp:term":[{"taxonomy":"category","embeddable":true,"href":"https:\/\/zonaroja.com.mx\/index.php?rest_route=%2Fwp%2Fv2%2Fcategories&post=62405"},{"taxonomy":"post_tag","embeddable":true,"href":"https:\/\/zonaroja.com.mx\/index.php?rest_route=%2Fwp%2Fv2%2Ftags&post=62405"}],"curies":[{"name":"wp","href":"https:\/\/api.w.org\/{rel}","templated":true}]}}