{"id":62408,"date":"2023-11-23T14:30:00","date_gmt":"2023-11-23T20:30:00","guid":{"rendered":"http:\/\/www.zonaroja.com.mx\/?p=62408"},"modified":"2023-11-23T07:32:21","modified_gmt":"2023-11-23T13:32:21","slug":"conflicto-entre-israel-y-hamas-ha-quitado-la-vida-a-53-periodistas","status":"publish","type":"post","link":"https:\/\/zonaroja.com.mx\/?p=62408","title":{"rendered":"Conflicto entre Israel y Hamas ha quitado la vida a 53 periodistas"},"content":{"rendered":"\n<p>Redacci\u00f3n\/Zona Roja Cdmx.<\/p>\n\n\n\n<p>Ciudad de M\u00e9xico, a 23 de noviembre de 2023.- Cincuenta y tres periodistas y empleados de medios de comunicaci\u00f3n han muerto desde que empez\u00f3 la guerra entre Israel y Hamas el 7 de octubre, seg\u00fan el \u00faltimo recuento del Comit\u00e9 para la Protecci\u00f3n de los Periodistas (CPJ), publicado el martes.<\/p>\n\n\n\n<p>Cuarenta y seis eran palestinos, cuatro eran israel\u00edes y tres eran libaneses, seg\u00fan la organizaci\u00f3n defensora de la prensa, con sede en Nueva York, que contabiliza las v\u00edctimas en Israel, en la Franja de Gaza y en la frontera libanesa.<\/p>\n\n\n\n<p>La actualizaci\u00f3n del recuento se produce despu\u00e9s de que este martes murieran dos periodistas de la cadena libanesa proiran\u00ed Al Mayadeen en ataques israel\u00edes en el sur del L\u00edbano, cerca de la frontera con Israel, seg\u00fan las autoridades libanesas.<\/p>\n\n\n\n<p>Adem\u00e1s, seg\u00fan el CPJ, once periodistas resultaron heridos y tres est\u00e1n desaparecidos desde el inicio del conflicto.<\/p>\n\n\n\n<p>\u00abLos periodistas en Gaza est\u00e1n expuestos a riesgos particularmente altos mientras cubren el asalto israel\u00ed, que incluye devastadores ataques a\u00e9reos, interrupciones en las comunicaciones, escasez de suministros y apagones masivos de energ\u00eda\u00bb, comenta el CPJ en su p\u00e1gina web.<\/p>\n\n\n\n<p>En Israel, seg\u00fan las autoridades, mil 200 personas, en su mayor\u00eda civiles, murieron en el ataque lanzado el 7 de octubre por comandos de Hamas infiltrados desde la Franja de Gaza.<\/p>\n\n\n\n<p>En represalia, Israel ha jurado \u00abaniquilar\u00bb a Hamas, al que ese pa\u00eds, Estados Unidos y la Uni\u00f3n Europea consideran un grupo \u00abterrorista\u00bb, y bombardea sin descanso el territorio palestino, donde su ej\u00e9rcito tambi\u00e9n lleva a cabo desde el 27 de octubre una ofensiva terrestre.<\/p>\n\n\n\n<p>Al menos 13 mil 300 personas &#8212; mayoritariamente civiles y miles de ni\u00f1os &#8212; han muerto por la ofensiva israel\u00ed en Gaza, seg\u00fan el Ministerio de Salud gobernado por Hamas.<\/p>\n\n\n\n<p>&nbsp;(Informaci\u00f3n de AFP en \u201cLa Jornada\u201d)<\/p>\n","protected":false},"excerpt":{"rendered":"<p>Redacci\u00f3n\/Zona Roja Cdmx. Ciudad de M\u00e9xico, a 23 de noviembre de 2023.- Cincuenta y tres&hellip;<\/p>\n","protected":false},"author":2,"featured_media":43114,"comment_status":"closed","ping_status":"open","sticky":false,"template":"","format":"standard","meta":{"_lmt_disableupdate":"","_lmt_disable":"","_jetpack_memberships_contains_paid_content":false,"footnotes":""},"categories":[109,47],"tags":[2668],"class_list":["post-62408","post","type-post","status-publish","format-standard","has-post-thumbnail","hentry","category-minuto-a-minuto","category-zona-gris","tag-conflicto-gaza-israel"],"jetpack_featured_media_url":"https:\/\/zonaroja.com.mx\/wp-content\/uploads\/2022\/07\/Prensa-asesinato-periodistas-libertad-de-expresion.webp","jetpack_sharing_enabled":true,"_links":{"self":[{"href":"https:\/\/zonaroja.com.mx\/index.php?rest_route=\/wp\/v2\/posts\/62408","targetHints":{"allow":["GET"]}}],"collection":[{"href":"https:\/\/zonaroja.com.mx\/index.php?rest_route=\/wp\/v2\/posts"}],"about":[{"href":"https:\/\/zonaroja.com.mx\/index.php?rest_route=\/wp\/v2\/types\/post"}],"author":[{"embeddable":true,"href":"https:\/\/zonaroja.com.mx\/index.php?rest_route=\/wp\/v2\/users\/2"}],"replies":[{"embeddable":true,"href":"https:\/\/zonaroja.com.mx\/index.php?rest_route=%2Fwp%2Fv2%2Fcomments&post=62408"}],"version-history":[{"count":1,"href":"https:\/\/zonaroja.com.mx\/index.php?rest_route=\/wp\/v2\/posts\/62408\/revisions"}],"predecessor-version":[{"id":62409,"href":"https:\/\/zonaroja.com.mx\/index.php?rest_route=\/wp\/v2\/posts\/62408\/revisions\/62409"}],"wp:featuredmedia":[{"embeddable":true,"href":"https:\/\/zonaroja.com.mx\/index.php?rest_route=\/wp\/v2\/media\/43114"}],"wp:attachment":[{"href":"https:\/\/zonaroja.com.mx\/index.php?rest_route=%2Fwp%2Fv2%2Fmedia&parent=62408"}],"wp:term":[{"taxonomy":"category","embeddable":true,"href":"https:\/\/zonaroja.com.mx\/index.php?rest_route=%2Fwp%2Fv2%2Fcategories&post=62408"},{"taxonomy":"post_tag","embeddable":true,"href":"https:\/\/zonaroja.com.mx\/index.php?rest_route=%2Fwp%2Fv2%2Ftags&post=62408"}],"curies":[{"name":"wp","href":"https:\/\/api.w.org\/{rel}","templated":true}]}}