{"id":6241,"date":"2019-12-01T08:44:26","date_gmt":"2019-12-01T14:44:26","guid":{"rendered":"http:\/\/www.zonaroja.com.mx\/?p=6241"},"modified":"2019-12-01T08:44:29","modified_gmt":"2019-12-01T14:44:29","slug":"ademas-de-incursion-violenta-en-juquila-un-ejecutado-en-sabado-en-la-costa","status":"publish","type":"post","link":"https:\/\/zonaroja.com.mx\/?p=6241","title":{"rendered":"Adem\u00e1s de incursi\u00f3n violenta en Juquila, un ejecutado en s\u00e1bado en la Costa"},"content":{"rendered":"\n<p>Redacci\u00f3n\/Zona Roja.<\/p>\n\n\n\n<p>Oaxaca de Ju\u00e1rez, Oax., 1 de diciembre\nde 2019.- Adem\u00e1s de la violenta incursi\u00f3n policiaca en Santa Catarina Juquila,\ncon saldo de una persona fallecida y al menos cinco lesionadas, un individuo\nfue ejecutado este s\u00e1bado en la regi\u00f3n de la Costa.<\/p>\n\n\n\n<p>En inmediaciones de la carretera\nfederal 200, a la altura de la comunidad de Bajos de Chila, del municipio de\nSan Pedro Mixtepec, fue hallado el cad\u00e1ver de un individuo.<\/p>\n\n\n\n<p>De acuerdo con informes policiacos, el\ncuerpo presente varios impactos de bala y la v\u00edctima fue identificada como\nErick Uriel r. L., de 26 a\u00f1os de edad.<\/p>\n\n\n\n<p>Hasta el momento no se tienen indicios\ndel o los agresores del joven.<\/p>\n\n\n\n<p>Mientras tanto en Mat\u00edas Romero\nAvenda\u00f1o, municipio de la regi\u00f3n del Istmo de Tehuantepec, un cajero autom\u00e1tico\nfue arrancado del piso y arrastrado a bordo de un veh\u00edculo por parte de un\ngrupo delictivo.<\/p>\n\n\n\n<p>Los hechos se dieron en la sucursal\nElektra de dicha ciudad, donde se llevaron el aparato de Banco Azteca; la\nempresa no ha dado a conocer el monto de dinero que ten\u00eda el cajero.<\/p>\n","protected":false},"excerpt":{"rendered":"<p>Redacci\u00f3n\/Zona Roja. Oaxaca de Ju\u00e1rez, Oax., 1 de diciembre de 2019.- Adem\u00e1s de la violenta&hellip;<\/p>\n","protected":false},"author":2,"featured_media":6242,"comment_status":"closed","ping_status":"open","sticky":false,"template":"","format":"standard","meta":{"_lmt_disableupdate":"","_lmt_disable":"","_jetpack_memberships_contains_paid_content":false,"footnotes":""},"categories":[109,51],"tags":[1080,890],"class_list":["post-6241","post","type-post","status-publish","format-standard","has-post-thumbnail","hentry","category-minuto-a-minuto","category-zona-roja","tag-bajos-de-chila","tag-san-pedro-mixtepec"],"jetpack_featured_media_url":"https:\/\/zonaroja.com.mx\/wp-content\/uploads\/2019\/12\/26ed3c60-e782-4234-ae6d-048f37d372e9.jpg","jetpack_sharing_enabled":true,"_links":{"self":[{"href":"https:\/\/zonaroja.com.mx\/index.php?rest_route=\/wp\/v2\/posts\/6241","targetHints":{"allow":["GET"]}}],"collection":[{"href":"https:\/\/zonaroja.com.mx\/index.php?rest_route=\/wp\/v2\/posts"}],"about":[{"href":"https:\/\/zonaroja.com.mx\/index.php?rest_route=\/wp\/v2\/types\/post"}],"author":[{"embeddable":true,"href":"https:\/\/zonaroja.com.mx\/index.php?rest_route=\/wp\/v2\/users\/2"}],"replies":[{"embeddable":true,"href":"https:\/\/zonaroja.com.mx\/index.php?rest_route=%2Fwp%2Fv2%2Fcomments&post=6241"}],"version-history":[{"count":1,"href":"https:\/\/zonaroja.com.mx\/index.php?rest_route=\/wp\/v2\/posts\/6241\/revisions"}],"predecessor-version":[{"id":6243,"href":"https:\/\/zonaroja.com.mx\/index.php?rest_route=\/wp\/v2\/posts\/6241\/revisions\/6243"}],"wp:featuredmedia":[{"embeddable":true,"href":"https:\/\/zonaroja.com.mx\/index.php?rest_route=\/wp\/v2\/media\/6242"}],"wp:attachment":[{"href":"https:\/\/zonaroja.com.mx\/index.php?rest_route=%2Fwp%2Fv2%2Fmedia&parent=6241"}],"wp:term":[{"taxonomy":"category","embeddable":true,"href":"https:\/\/zonaroja.com.mx\/index.php?rest_route=%2Fwp%2Fv2%2Fcategories&post=6241"},{"taxonomy":"post_tag","embeddable":true,"href":"https:\/\/zonaroja.com.mx\/index.php?rest_route=%2Fwp%2Fv2%2Ftags&post=6241"}],"curies":[{"name":"wp","href":"https:\/\/api.w.org\/{rel}","templated":true}]}}