{"id":62410,"date":"2023-11-23T10:36:00","date_gmt":"2023-11-23T16:36:00","guid":{"rendered":"http:\/\/www.zonaroja.com.mx\/?p=62410"},"modified":"2023-11-23T08:34:59","modified_gmt":"2023-11-23T14:34:59","slug":"cronica-ahora-resulta-el-presidente-de-la-mesa-no-es-rey-eh","status":"publish","type":"post","link":"https:\/\/zonaroja.com.mx\/?p=62410","title":{"rendered":"Cr\u00f3nica. \u00a1Ahora resulta! \u00a1El presidente de la Mesa no es rey, \u00bfeh?!"},"content":{"rendered":"\n<p>Ismael Garc\u00eda M.\/Zona Roja.<\/p>\n\n\n\n<p>San Raymundo Jalpan, Oax., a 23 de noviembre de 2023.- \u201cEl problema diputado es que no venimos a platicar, venimos a trabajar\u201d, ret\u00f3 Samuel Gurri\u00f3n en su primer d\u00eda como presidente de la Mesa Directiva de la 65 Legislatura.<\/p>\n\n\n\n<p>Y la irritaci\u00f3n de los priistas, Alejandro Avil\u00e9s \u00c1lvarez y Freddy Gil Pineda Gopar, no se hizo esperar: \u201c\u00a1Ahora resulta!\u201d, abuchearon al ex priista y ahora Verde legislador.<\/p>\n\n\n\n<p>La sesi\u00f3n intent\u00f3 iniciar a tiempo. A las 12:23 horas arranc\u00f3 la primera asamblea ordinaria del tercer a\u00f1o de ejercicio, pero estuvo a punto de no alcanzar el qu\u00f3rum, pues s\u00f3lo hab\u00eda 22 presentes.<\/p>\n\n\n\n<p>Eva Diego Cruz y Eduardo Rojas Zavaleta pidieron permiso formalmente; de los dem\u00e1s simplemente llegaron tarde o no llegaron, pero al final no rebasaron las 40 asistencias.<\/p>\n\n\n\n<p>Apenas iniciaba la sesi\u00f3n del Congreso del Estado y participaba Mariana Ben\u00edtez cuando ella volte\u00f3 a la Mesa para pedir orden; distra\u00eddo, Gurri\u00f3n Mat\u00edas hablaba con el secretario de Servicios Parlamentarios.<\/p>\n\n\n\n<p>-Presidente\u2026<\/p>\n\n\n\n<p>-Le solicito a los presentes, tanto a diputados como p\u00fablico en general, que por favor pongamos atenci\u00f3n a la diputada\u2026 y sobre todo al p\u00fablico en general si no va a poner atenci\u00f3n, pues que salga a platicar afuera\u2026<\/p>\n\n\n\n<p>Entre titubeos, intent\u00f3 poner orden. Pero desde las curules le reprocharon que en sesiones pasadas, Gurri\u00f3n s\u00f3lo se la pasaba platicando con los dem\u00e1s legisladores y con su equipo de trabajo, en lugar de poner atenci\u00f3n a las asambleas.<\/p>\n\n\n\n<p>De 42 puntos, la sesi\u00f3n transcurr\u00eda y muchos legisladores segu\u00edan en el relajo. Uno de ellos Luis Alfonso Silva Romo, que iba de curul en curul, olvidando que ya no era presidente de la Junta de Coordinaci\u00f3n Pol\u00edtica.<\/p>\n\n\n\n<p>Caso contrario su hom\u00f3logo morenista, Sergio L\u00f3pez S\u00e1nchez, quien, t\u00edmido en su primera vez al frente del \u00f3rgano, acud\u00eda en escasos momentos a las curules, entre ellos a saludar a Avil\u00e9s.<\/p>\n\n\n\n<p>Pero el relajo segu\u00eda. A eso de las 13:27 pas\u00f3 a tribuna X\u00f3chitl Jazm\u00edn Vel\u00e1squez, del PT, para presentar su tema. Los cuchicheos sin freno.<\/p>\n\n\n\n<p>De nuevo intervino Samuel Gurri\u00f3n pero ahora con m\u00e1s rega\u00f1os:<\/p>\n\n\n\n<p>-Les ruego guardar silencio compa\u00f1eras, compa\u00f1eros diputado.<\/p>\n\n\n\n<p>-\u00a1Mira quien pone orden! -le espetaron.<\/p>\n\n\n\n<p>-El problema diputado es que no venimos a platicar, venimos a trabajar y les pedimos que escuchen\u2026&nbsp;<\/p>\n\n\n\n<p>-\u00a1Ahora resulta! -le devolvi\u00f3 su ex compa\u00f1ero priista Freddy Gil, secundado por Avil\u00e9s.<\/p>\n\n\n\n<p>\u201c\u00a1El presidente de la Mesa no es rey, \u00bfeh?\u201d, le remarc\u00f3 el legislador originario de Santos Reyes Nopala y que ahora busca gobernar Xoxocotl\u00e1n.<\/p>\n\n\n\n<p>Sesi\u00f3n de caso dos horas con 30 minutos que al final s\u00f3lo fue de propuestas. Ning\u00fan dictamen en segunda lectura para aprobar.<\/p>\n\n\n\n<p>Sesi\u00f3n de rega\u00f1os del nuevo presidente de la Mesa Directiva en reino morenista, que al final termin\u00f3 por echar relajo:<\/p>\n\n\n\n<p>\u201cSe le concede el uso de la palabra a mi amiga la diputada ixhuateca Mar\u00eda Luisa Matus Fuentes\u201d. La legisladora y el resto de los legisladores s\u00f3lo rieron de la ocurrencia.<\/p>\n","protected":false},"excerpt":{"rendered":"<p>Ismael Garc\u00eda M.\/Zona Roja. San Raymundo Jalpan, Oax., a 23 de noviembre de 2023.- \u201cEl&hellip;<\/p>\n","protected":false},"author":2,"featured_media":62411,"comment_status":"closed","ping_status":"open","sticky":false,"template":"","format":"standard","meta":{"_lmt_disableupdate":"","_lmt_disable":"","_jetpack_memberships_contains_paid_content":false,"footnotes":""},"categories":[109,47],"tags":[2743],"class_list":["post-62410","post","type-post","status-publish","format-standard","has-post-thumbnail","hentry","category-minuto-a-minuto","category-zona-gris","tag-65-legislatura-del-estado-de-oaxaca"],"jetpack_featured_media_url":"https:\/\/zonaroja.com.mx\/wp-content\/uploads\/2023\/11\/Sesion-Congreso-Oaxaca.jpg","jetpack_sharing_enabled":true,"_links":{"self":[{"href":"https:\/\/zonaroja.com.mx\/index.php?rest_route=\/wp\/v2\/posts\/62410","targetHints":{"allow":["GET"]}}],"collection":[{"href":"https:\/\/zonaroja.com.mx\/index.php?rest_route=\/wp\/v2\/posts"}],"about":[{"href":"https:\/\/zonaroja.com.mx\/index.php?rest_route=\/wp\/v2\/types\/post"}],"author":[{"embeddable":true,"href":"https:\/\/zonaroja.com.mx\/index.php?rest_route=\/wp\/v2\/users\/2"}],"replies":[{"embeddable":true,"href":"https:\/\/zonaroja.com.mx\/index.php?rest_route=%2Fwp%2Fv2%2Fcomments&post=62410"}],"version-history":[{"count":1,"href":"https:\/\/zonaroja.com.mx\/index.php?rest_route=\/wp\/v2\/posts\/62410\/revisions"}],"predecessor-version":[{"id":62412,"href":"https:\/\/zonaroja.com.mx\/index.php?rest_route=\/wp\/v2\/posts\/62410\/revisions\/62412"}],"wp:featuredmedia":[{"embeddable":true,"href":"https:\/\/zonaroja.com.mx\/index.php?rest_route=\/wp\/v2\/media\/62411"}],"wp:attachment":[{"href":"https:\/\/zonaroja.com.mx\/index.php?rest_route=%2Fwp%2Fv2%2Fmedia&parent=62410"}],"wp:term":[{"taxonomy":"category","embeddable":true,"href":"https:\/\/zonaroja.com.mx\/index.php?rest_route=%2Fwp%2Fv2%2Fcategories&post=62410"},{"taxonomy":"post_tag","embeddable":true,"href":"https:\/\/zonaroja.com.mx\/index.php?rest_route=%2Fwp%2Fv2%2Ftags&post=62410"}],"curies":[{"name":"wp","href":"https:\/\/api.w.org\/{rel}","templated":true}]}}