{"id":62413,"date":"2023-11-23T15:38:00","date_gmt":"2023-11-23T21:38:00","guid":{"rendered":"http:\/\/www.zonaroja.com.mx\/?p=62413"},"modified":"2023-11-23T08:41:29","modified_gmt":"2023-11-23T14:41:29","slug":"madre-de-mexicano-secuestrado-en-buque-en-el-mar-rojo-pide-auxilio","status":"publish","type":"post","link":"https:\/\/zonaroja.com.mx\/?p=62413","title":{"rendered":"Madre de mexicano secuestrado en buque en el Mar Rojo pide auxilio"},"content":{"rendered":"\n<p>Redacci\u00f3n\/Zona Roja Cdmx.<\/p>\n\n\n\n<p>Ciudad de M\u00e9xico, a 22 de noviembre de 2023.- La familia Zacar\u00edas Meza sol\u00eda recibir fotos de atardeceres en el mar y de ballenas y delfines que le enviaba su hijo, un ingeniero embarcado en un buque mercante a miles de kil\u00f3metros en el Mar Rojo. Todo cambi\u00f3 con un mensaje de WhatsApp que llev\u00f3 hasta su casa, en el este de M\u00e9xico, una noticia angustiosa: su hijo estaba secuestrado.<\/p>\n\n\n\n<p>Arturo Zacar\u00edas Meza, de 31 a\u00f1os, es uno de los 25 tripulantes del buque Galaxy Leader que permanecen como rehenes de un grupo de rebeldes hut\u00edes de Yemen que el pasado domingo se apoder\u00f3 de su barco, vinculado a Israel, mientras navegaba por una importante ruta mar\u00edtima en el Mar Rojo.<\/p>\n\n\n\n<p>El grupo armado dijo que continuar\u00e1 atacando embarcaciones ligadas a Israel y que est\u00e9n en aguas internacionales hasta que termine su guerra contra Hamas.<\/p>\n\n\n\n<p>La madre de Zacar\u00edas, Mar\u00eda Teresa Meza, todav\u00eda no entiende muy bien lo que est\u00e1 pasando. \u201cEllos no tienen nada que ver con el conflicto que est\u00e1 sucediendo, ellos no tienen la culpa de estar en esa situaci\u00f3n&#8230; Ellos est\u00e1n trabajando\u201d, se\u00f1al\u00f3 Meza el martes desde Misantla.<\/p>\n\n\n\n<p>Hasta su peque\u00f1o pueblo de monta\u00f1a, en el estado de Veracruz y a unos 30 kil\u00f3metros de la costa del golfo de M\u00e9xico, han llegado noticias de la guerra entre Israel y Hamas, pero la mujer de 53 a\u00f1os reconoce que sab\u00eda poco del contexto de dicho conflicto hasta que les peg\u00f3 tan de cerca.<\/p>\n\n\n\n<p>\u201cEstamos en un mar de angustias sin poder hacer nada\u201d, explic\u00f3 Meza.<\/p>\n\n\n\n<p>Junto a una estatuilla de la virgen de Guadalupe est\u00e1 la fotograf\u00eda de su hijo. Con rosarios en la mano y veladoras encendidas, la familia reza para que el joven sea liberado y que no le pase nada malo.<\/p>\n\n\n\n<p>Zacar\u00edas Meza se embarc\u00f3 el 4 de junio y desde entonces no hab\u00eda dejado de enviar mensajes y fotos que mostraban su alegr\u00eda por conocer nuevos puertos en otros pa\u00edses del mundo. \u201cDesde chiquito creci\u00f3 en el agua\u201d, record\u00f3 su madre. \u201c\u00c9l siempre dec\u00eda que quer\u00eda conocer el mundo a trav\u00e9s del mar. Sigui\u00f3 y persigui\u00f3 esta carrera hasta que lo logr\u00f3\u201d.<\/p>\n\n\n\n<p>El d\u00eda siguiente a la toma del barco, un representante legal de la naviera les envi\u00f3 el mensaje que informaba escuetamente de lo ocurrido. Desde entonces la \u00fanica informaci\u00f3n que han recibido es que el joven se encuentra incomunicado en un camarote del barco carguero, adem\u00e1s de las im\u00e1genes que han inundado las redes.<\/p>\n\n\n\n<p>\u201cEs de pel\u00edcula\u201d, coment\u00f3 Jos\u00e9 de Jes\u00fas Zacar\u00edas, hermano menor de Arturo, al comentar el video que fue difundido por los rebeldes hut\u00edes. \u201cComo lo ve uno en las pel\u00edculas, as\u00ed pasa exactamente\u201d.<\/p>\n\n\n\n<p>En las grabaciones emitidas por la televisi\u00f3n Al Massira, que la familia ha visto una y otra vez, aparece un helic\u00f3ptero pintado con las bandera yemen\u00ed y palestina que se posa sobre el buque y desde el que descienden una decena de combatientes enmascarados y armados con rifles de asalto.<\/p>\n\n\n\n<p>Al inspeccionar el buque, los asaltantes entraron a la cabina de mando donde se encontraban unos cuatro tripulantes, que alzaron los brazos sin oponer resistencia al ser amenazados a punta de pistola. Aunque no identificaron a Zacar\u00edas Meza entre los tripulantes, la familia afirm\u00f3 que tiene conocimiento de que \u00e9l se encontraba en la embarcaci\u00f3n.<\/p>\n\n\n\n<p>El operador japon\u00e9s del buque, NYK Line, declar\u00f3 que el buque no llevaba carga en el momento del secuestro y que sus tripulantes proceden de Filipinas, Bulgaria, Ruman\u00eda, Ucrania y M\u00e9xico.<\/p>\n\n\n\n<p>AVENTURERO Y APASIONADO<\/p>\n\n\n\n<p>El gobierno de M\u00e9xico inform\u00f3 en un comunicado que en el buque hay dos nacionales mexicanos y dijo estar realizando gestiones diplom\u00e1ticas con otros pa\u00edses involucrados para confirmar la situaci\u00f3n de la tripulaci\u00f3n y lograr la liberaci\u00f3n de los rehenes.<\/p>\n\n\n\n<p>Sin embargo, en la casa de Zacar\u00edas Meza se palpaba el martes la angustia. \u201cEs una impotencia no saber nada de mi hijo, yo ya lo quiero tener aqu\u00ed en mi casa sano y salvo\u201d, suplicaba su madre tras pedir a las autoridades redoblar esfuerzos para liberarlo.<\/p>\n\n\n\n<p>Seg\u00fan Gregory D. Johnsen, experto en Yemen del Arabian Gulf States Institute de Washington, los rebeldes hut\u00edes han amenazado en repetidas ocasiones con atacar barcos israel\u00edes en aguas de Yemen para mostrar apoyo a sus benefactores iran\u00edes y para intimidar a rivales locales.<\/p>\n\n\n\n<p>Su hermano explic\u00f3 que Arturo les contaba poco de su trabajo pero s\u00ed sab\u00edan que su contrato acababa el 30 de noviembre y que luego ten\u00eda pensado regresar a su casa para pasar las navidades con la familia.<\/p>\n\n\n\n<p>El joven estudi\u00f3 en la Escuela N\u00e1utica Mercante de Veracruz. Su familia lo describe como un hombre aventurero y apasionado de las motos. Su uni\u00f3n con los suyos la dej\u00f3 plasmada en un tatuaje que se hicieron \u00e9l y su padre y dice: \u201cFamilia, donde la vida comienza y el amor nunca termina\u201d.<\/p>\n\n\n\n<p>La fotograf\u00eda de su graduaci\u00f3n junto a sus compa\u00f1eros de generaci\u00f3n portando el uniforme est\u00e1 colgada en la pared de la sala de su casa como un trofeo para sus padres.<\/p>\n\n\n\n<p>(Informaci\u00f3n de AP en \u201cEl Financiero\u201d)<\/p>\n","protected":false},"excerpt":{"rendered":"<p>Redacci\u00f3n\/Zona Roja Cdmx. Ciudad de M\u00e9xico, a 22 de noviembre de 2023.- La familia Zacar\u00edas&hellip;<\/p>\n","protected":false},"author":2,"featured_media":62414,"comment_status":"closed","ping_status":"open","sticky":false,"template":"","format":"standard","meta":{"_lmt_disableupdate":"","_lmt_disable":"","_jetpack_memberships_contains_paid_content":false,"footnotes":""},"categories":[109,47],"tags":[],"class_list":["post-62413","post","type-post","status-publish","format-standard","has-post-thumbnail","hentry","category-minuto-a-minuto","category-zona-gris"],"jetpack_featured_media_url":"https:\/\/zonaroja.com.mx\/wp-content\/uploads\/2023\/11\/Madre-secuestrado-barco-Mar-Rojo.jpg","jetpack_sharing_enabled":true,"_links":{"self":[{"href":"https:\/\/zonaroja.com.mx\/index.php?rest_route=\/wp\/v2\/posts\/62413","targetHints":{"allow":["GET"]}}],"collection":[{"href":"https:\/\/zonaroja.com.mx\/index.php?rest_route=\/wp\/v2\/posts"}],"about":[{"href":"https:\/\/zonaroja.com.mx\/index.php?rest_route=\/wp\/v2\/types\/post"}],"author":[{"embeddable":true,"href":"https:\/\/zonaroja.com.mx\/index.php?rest_route=\/wp\/v2\/users\/2"}],"replies":[{"embeddable":true,"href":"https:\/\/zonaroja.com.mx\/index.php?rest_route=%2Fwp%2Fv2%2Fcomments&post=62413"}],"version-history":[{"count":1,"href":"https:\/\/zonaroja.com.mx\/index.php?rest_route=\/wp\/v2\/posts\/62413\/revisions"}],"predecessor-version":[{"id":62415,"href":"https:\/\/zonaroja.com.mx\/index.php?rest_route=\/wp\/v2\/posts\/62413\/revisions\/62415"}],"wp:featuredmedia":[{"embeddable":true,"href":"https:\/\/zonaroja.com.mx\/index.php?rest_route=\/wp\/v2\/media\/62414"}],"wp:attachment":[{"href":"https:\/\/zonaroja.com.mx\/index.php?rest_route=%2Fwp%2Fv2%2Fmedia&parent=62413"}],"wp:term":[{"taxonomy":"category","embeddable":true,"href":"https:\/\/zonaroja.com.mx\/index.php?rest_route=%2Fwp%2Fv2%2Fcategories&post=62413"},{"taxonomy":"post_tag","embeddable":true,"href":"https:\/\/zonaroja.com.mx\/index.php?rest_route=%2Fwp%2Fv2%2Ftags&post=62413"}],"curies":[{"name":"wp","href":"https:\/\/api.w.org\/{rel}","templated":true}]}}