{"id":62420,"date":"2023-11-23T20:33:58","date_gmt":"2023-11-24T02:33:58","guid":{"rendered":"http:\/\/www.zonaroja.com.mx\/?p=62420"},"modified":"2023-11-23T21:47:35","modified_gmt":"2023-11-24T03:47:35","slug":"mientras-politicos-alaban-en-oaxaca-a-marioneta-amal-repudian-a-migrantes","status":"publish","type":"post","link":"https:\/\/zonaroja.com.mx\/?p=62420","title":{"rendered":"Mientras pol\u00edticos alaban en Oaxaca a marioneta Amal, repudian a migrantes"},"content":{"rendered":"\n<p>Yuridiana Sosa\/Zona Roja. &nbsp;<\/p>\n\n\n\n<p>Oaxaca de Ju\u00e1rez, Oax., a 23 de noviembre de 2023.- Amal, la marioneta gigante de una ni\u00f1a que representa los derechos humanos de la ni\u00f1ez refugiada, recorri\u00f3 el Centro Hist\u00f3rico de Oaxaca en medio de una aglomerada calenda en la que se exalt\u00f3 la protecci\u00f3n a los migrantes, sin embargo, en Oaxaca no existen condiciones para su estancia. &nbsp;<\/p>\n\n\n\n<p>Tras un recorrido sobre el Andador Tur\u00edstico que parti\u00f3 de la explanada de Santo Domingo de Guzm\u00e1n, Amal fue recibida en&nbsp;la Alameda de Le\u00f3n por el edil de Oaxaca de Ju\u00e1rez, Francisco Mart\u00ednez Neri, y un numeroso grupo de figuras p\u00fablicas que aprovecharon el tema de migrantes para sobresalir.&nbsp;<\/p>\n\n\n\n<p>\u201cTenemos que reflexionar acerca de que toda persona tiene que vivir mejor y hoy al ver aqu\u00ed a Amal llegar a este espacio le decimos bienvenida Amal\u201d, expres\u00f3 en el mitin Mart\u00ednez Neri.&nbsp;<\/p>\n\n\n\n<p>Agreg\u00f3: \u201cVienes en busca de tu madre, vas a encontrar a tu mam\u00e1, vas a encontrar un mejor destino. Bienvenida a Oaxaca de Ju\u00e1rez\u201d.&nbsp;<\/p>\n\n\n\n<p>Hasta el titular del IEEPO, Emilio Montero P\u00e9rez, se sum\u00f3 a la caravana de elogios a la marioneta; no obstante, en las regiones Istmo y Valles Centrales hubo protestas relacionadas con conflictos educativos.<\/p>\n\n\n\n<p>LA INCONGRUENCIA<\/p>\n\n\n\n<p>Mientras que en la capital, el gobierno a su cargo no ha encontrado las condiciones para brindarles un espacio digno a los miles de migrantes que de forma continua llegan a la ciudad en su paso por el estado, camino al norte del pa\u00eds, con la esperanza de llegar a Estados Unidos.&nbsp;<\/p>\n\n\n\n<p>Como ocurri\u00f3 con quienes se instalaron en el jard\u00edn Morelos, del que fueron ahuyentados tras su estancia por m\u00e1s de una semana, y en donde se instal\u00f3 vigilancia policial y letreros para evitar su estancia.&nbsp;<\/p>\n\n\n\n<p>En tanto que otras personas m\u00e1s encuentran en camellones de la zona de la Central de Abasto un espacio para instalar sus casas de campa\u00f1as o pernoctar a la intemperie, lo que al mismo tiempo causa molestia entre los vecinos de la zona.&nbsp;<\/p>\n\n\n\n<p>Mart\u00ednez Neri ha dejado al gobierno estatal la mayor responsabilidad para la soluci\u00f3n del problema en la capital.<\/p>\n\n\n\n<p>Por su parte, el gobierno de Oaxaca no ha dado certeza de la apertura de un nuevo refugio en la ciudad de Oaxaca o zona conurbada, al a tiempo que los ubicados en la regi\u00f3n del Istmo, como el de Juchit\u00e1n, podr\u00eda cerrarse y quedar en funciones s\u00f3lo el de Tapanatepec.<\/p>\n\n\n\n<figure class=\"wp-block-image size-full\"><a href=\"http:\/\/www.zonaroja.com.mx\/wp-content\/uploads\/2023\/11\/Amal-en-Oaxaca-2.jpg\" data-rel=\"penci-gallery-image-content\" ><img decoding=\"async\" width=\"1000\" height=\"563\" src=\"http:\/\/www.zonaroja.com.mx\/wp-content\/uploads\/2023\/11\/Amal-en-Oaxaca-2.jpg\" alt=\"\" class=\"wp-image-62421\" srcset=\"https:\/\/zonaroja.com.mx\/wp-content\/uploads\/2023\/11\/Amal-en-Oaxaca-2.jpg 1000w, https:\/\/zonaroja.com.mx\/wp-content\/uploads\/2023\/11\/Amal-en-Oaxaca-2-300x169.jpg 300w, https:\/\/zonaroja.com.mx\/wp-content\/uploads\/2023\/11\/Amal-en-Oaxaca-2-768x432.jpg 768w, https:\/\/zonaroja.com.mx\/wp-content\/uploads\/2023\/11\/Amal-en-Oaxaca-2-585x329.jpg 585w\" sizes=\"(max-width: 1000px) 100vw, 1000px\" \/><\/a><\/figure>\n","protected":false},"excerpt":{"rendered":"<p>Yuridiana Sosa\/Zona Roja. &nbsp; Oaxaca de Ju\u00e1rez, Oax., a 23 de noviembre de 2023.- Amal,&hellip;<\/p>\n","protected":false},"author":2,"featured_media":62422,"comment_status":"closed","ping_status":"open","sticky":false,"template":"","format":"standard","meta":{"_lmt_disableupdate":"","_lmt_disable":"","_jetpack_memberships_contains_paid_content":false,"footnotes":""},"categories":[109,47],"tags":[3737,148],"class_list":["post-62420","post","type-post","status-publish","format-standard","has-post-thumbnail","hentry","category-minuto-a-minuto","category-zona-gris","tag-marioneta-amal-en-oaxaca","tag-oaxaca-de-juarez"],"jetpack_featured_media_url":"https:\/\/zonaroja.com.mx\/wp-content\/uploads\/2023\/11\/Amal-en-Oaxaca.jpg","jetpack_sharing_enabled":true,"_links":{"self":[{"href":"https:\/\/zonaroja.com.mx\/index.php?rest_route=\/wp\/v2\/posts\/62420","targetHints":{"allow":["GET"]}}],"collection":[{"href":"https:\/\/zonaroja.com.mx\/index.php?rest_route=\/wp\/v2\/posts"}],"about":[{"href":"https:\/\/zonaroja.com.mx\/index.php?rest_route=\/wp\/v2\/types\/post"}],"author":[{"embeddable":true,"href":"https:\/\/zonaroja.com.mx\/index.php?rest_route=\/wp\/v2\/users\/2"}],"replies":[{"embeddable":true,"href":"https:\/\/zonaroja.com.mx\/index.php?rest_route=%2Fwp%2Fv2%2Fcomments&post=62420"}],"version-history":[{"count":3,"href":"https:\/\/zonaroja.com.mx\/index.php?rest_route=\/wp\/v2\/posts\/62420\/revisions"}],"predecessor-version":[{"id":62430,"href":"https:\/\/zonaroja.com.mx\/index.php?rest_route=\/wp\/v2\/posts\/62420\/revisions\/62430"}],"wp:featuredmedia":[{"embeddable":true,"href":"https:\/\/zonaroja.com.mx\/index.php?rest_route=\/wp\/v2\/media\/62422"}],"wp:attachment":[{"href":"https:\/\/zonaroja.com.mx\/index.php?rest_route=%2Fwp%2Fv2%2Fmedia&parent=62420"}],"wp:term":[{"taxonomy":"category","embeddable":true,"href":"https:\/\/zonaroja.com.mx\/index.php?rest_route=%2Fwp%2Fv2%2Fcategories&post=62420"},{"taxonomy":"post_tag","embeddable":true,"href":"https:\/\/zonaroja.com.mx\/index.php?rest_route=%2Fwp%2Fv2%2Ftags&post=62420"}],"curies":[{"name":"wp","href":"https:\/\/api.w.org\/{rel}","templated":true}]}}