{"id":62425,"date":"2023-11-23T21:31:10","date_gmt":"2023-11-24T03:31:10","guid":{"rendered":"http:\/\/www.zonaroja.com.mx\/?p=62425"},"modified":"2023-11-23T21:31:15","modified_gmt":"2023-11-24T03:31:15","slug":"gobierno-estatal-y-santa-lucia-del-camino-afrontan-problema-de-drenaje","status":"publish","type":"post","link":"https:\/\/zonaroja.com.mx\/?p=62425","title":{"rendered":"Gobierno estatal y Santa Luc\u00eda del Camino afrontan problema de drenaje"},"content":{"rendered":"\n<p>Redacci\u00f3n\/Zona Roja.<\/p>\n\n\n\n<p>Oaxaca de Ju\u00e1rez, Oax., a 23 de noviembre de 2023.- Luego de varios a\u00f1os de lucha, que incluyeron protestas y bloqueo de vialidades, los habitantes de la colonia Fernando G\u00f3mez Sandoval por fin fueron atendidos en su demanda.<\/p>\n\n\n\n<p>Se trata de la rehabilitaci\u00f3n de al menos cinco kil\u00f3metros del sistema de drenaje, que requerir\u00e1 una inversi\u00f3n cercana a los 23 millones de pesos y cuyos trabajos iniciaron la tarde del pasado mi\u00e9rcoles.<\/p>\n\n\n\n<p>Durante el acto, el presidente municipal de Santa Luc\u00eda del Camino, Juan Carlos Garc\u00eda M\u00e1rquez, destac\u00f3 que su administraci\u00f3n y los colonos tienen en el gobernador Salom\u00f3n Jara Cruz a un aliado que quiere el bienestar de las y los habitantes de dicho municipio.<\/p>\n\n\n\n<p>Por ello, a trav\u00e9s de la Secretar\u00eda de las Infraestructuras y el Sistema Operador de Agua Potable y Alcantarillado se dio arranque formal a los trabajos de rehabilitaci\u00f3n integral del drenaje, demanda a\u00f1eja de los colonos.<\/p>\n\n\n\n<p>\u00abEst\u00e1 obra es \u00fanica en todo el estado, ya que los m\u00e1s de 22.7 millones de pesos que se invertir\u00e1n, no lo tiene ninguna obra en todo el estado y esto lo hace una magna obra\u201d, dijo el director de Obra de la Secretar\u00eda de las Infraestructuras y Comunicaciones del Gobierno del Estado, Juan Jos\u00e9 Cruz Mendoza.<\/p>\n\n\n\n<p>El edil Garc\u00eda M\u00e1rquez agradeci\u00f3 la intervenci\u00f3n del mandatario para hacer justicia social a una problem\u00e1tica de salud p\u00fablica que gobiernos anteriores no quisieron intervenir, se dijo orgulloso de ser parte de un gobierno que est\u00e1 transformando a Oaxaca.<\/p>\n\n\n\n<figure class=\"wp-block-embed\"><div class=\"wp-block-embed__wrapper\">\nhttps:\/\/x.com\/ZonaRoja_Oaxaca\/status\/1727484812661829799?s=20\n<\/div><\/figure>\n","protected":false},"excerpt":{"rendered":"<p>Redacci\u00f3n\/Zona Roja. Oaxaca de Ju\u00e1rez, Oax., a 23 de noviembre de 2023.- Luego de varios&hellip;<\/p>\n","protected":false},"author":2,"featured_media":62426,"comment_status":"closed","ping_status":"open","sticky":false,"template":"","format":"standard","meta":{"_lmt_disableupdate":"","_lmt_disable":"","_jetpack_memberships_contains_paid_content":false,"footnotes":""},"categories":[109,46],"tags":[337],"class_list":["post-62425","post","type-post","status-publish","format-standard","has-post-thumbnail","hentry","category-minuto-a-minuto","category-zona-blanca","tag-santa-lucia-del-camino"],"jetpack_featured_media_url":"https:\/\/zonaroja.com.mx\/wp-content\/uploads\/2023\/11\/Drenaje-colonia-Gomez-Sandoval-Santa-Lucia-del-Camino.jpg","jetpack_sharing_enabled":true,"_links":{"self":[{"href":"https:\/\/zonaroja.com.mx\/index.php?rest_route=\/wp\/v2\/posts\/62425","targetHints":{"allow":["GET"]}}],"collection":[{"href":"https:\/\/zonaroja.com.mx\/index.php?rest_route=\/wp\/v2\/posts"}],"about":[{"href":"https:\/\/zonaroja.com.mx\/index.php?rest_route=\/wp\/v2\/types\/post"}],"author":[{"embeddable":true,"href":"https:\/\/zonaroja.com.mx\/index.php?rest_route=\/wp\/v2\/users\/2"}],"replies":[{"embeddable":true,"href":"https:\/\/zonaroja.com.mx\/index.php?rest_route=%2Fwp%2Fv2%2Fcomments&post=62425"}],"version-history":[{"count":1,"href":"https:\/\/zonaroja.com.mx\/index.php?rest_route=\/wp\/v2\/posts\/62425\/revisions"}],"predecessor-version":[{"id":62427,"href":"https:\/\/zonaroja.com.mx\/index.php?rest_route=\/wp\/v2\/posts\/62425\/revisions\/62427"}],"wp:featuredmedia":[{"embeddable":true,"href":"https:\/\/zonaroja.com.mx\/index.php?rest_route=\/wp\/v2\/media\/62426"}],"wp:attachment":[{"href":"https:\/\/zonaroja.com.mx\/index.php?rest_route=%2Fwp%2Fv2%2Fmedia&parent=62425"}],"wp:term":[{"taxonomy":"category","embeddable":true,"href":"https:\/\/zonaroja.com.mx\/index.php?rest_route=%2Fwp%2Fv2%2Fcategories&post=62425"},{"taxonomy":"post_tag","embeddable":true,"href":"https:\/\/zonaroja.com.mx\/index.php?rest_route=%2Fwp%2Fv2%2Ftags&post=62425"}],"curies":[{"name":"wp","href":"https:\/\/api.w.org\/{rel}","templated":true}]}}