{"id":62428,"date":"2023-11-23T21:46:37","date_gmt":"2023-11-24T03:46:37","guid":{"rendered":"http:\/\/www.zonaroja.com.mx\/?p=62428"},"modified":"2023-11-23T21:46:39","modified_gmt":"2023-11-24T03:46:39","slug":"vinculan-a-proceso-a-individuo-que-mato-a-un-perro-en-oaxaca","status":"publish","type":"post","link":"https:\/\/zonaroja.com.mx\/?p=62428","title":{"rendered":"Vinculan a proceso a individuo que mat\u00f3 a un perro en Oaxaca"},"content":{"rendered":"\n<p>Redacci\u00f3n\/Zona Roja.<\/p>\n\n\n\n<p>Oaxaca de Ju\u00e1rez, Oax., a 23 de noviembre de 2023.- Con la aplicaci\u00f3n de protocolos de investigaci\u00f3n en torno a delitos cometidos en contra de animales vertebrados, la Fiscal\u00eda General del Estado de Oaxaca (FGEO) obtuvo auto de vinculaci\u00f3n a proceso en contra de B. B. J., por el delito de Privaci\u00f3n de la Vida de Animal Vertebrado, cometido en la regi\u00f3n de la Mixteca.<\/p>\n\n\n\n<p>Los hechos ocurrieron el 13 de septiembre de 2023, en un terreno bald\u00edo que se localiza en el Barrio Santiago del municipio de Santiago Cacaloxtepec, cuando una persona dispar\u00f3 un arma de fuego con la que lesion\u00f3 a un canino de raza mestizo sin nombre (perrito de la calle), el cual qued\u00f3 herido y falleci\u00f3 luego de una segunda agresi\u00f3n con una piedra.<\/p>\n\n\n\n<p>Ante los hechos, la FGEO tom\u00f3 intervenci\u00f3n a trav\u00e9s de la Vicefiscal\u00eda Regional de la Mixteca que aplic\u00f3 los protocolos correspondientes e inici\u00f3 la carpeta de investigaci\u00f3n por el caso, adem\u00e1s que despleg\u00f3 a un equipo multidisciplinario para realizar las primeras indagatorias a la que sumaron los estudios periciales que permitieron fortalecer las l\u00edneas de investigaci\u00f3n.<\/p>\n\n\n\n<p>Como resultado de los trabajos ministeriales presentados ante el Juez que atiende la causa, \u00e9ste dict\u00f3 auto de vinculaci\u00f3n a proceso por Privaci\u00f3n de la Vida de Animal Vertebrado, il\u00edcito previsto por el art\u00edculo 420 Fracci\u00f3n I en relaci\u00f3n con el 423 y sancionado por el art\u00edculo 420 del c\u00f3digo penal vigente en el estado de Oaxaca.<\/p>\n\n\n\n<p>La Fiscal\u00eda de Oaxaca trabaja para sancionar cualquier tipo de agresi\u00f3n prevista en el C\u00f3digo Penal, como el maltrato animal tipificado en cualquiera de sus modalidades, pues estas acciones forman parte de la estrategia estatal de seguridad para prevenir y erradicar conductas en las que se ejerza cualquier tipo de violencia.<\/p>\n","protected":false},"excerpt":{"rendered":"<p>Redacci\u00f3n\/Zona Roja. Oaxaca de Ju\u00e1rez, Oax., a 23 de noviembre de 2023.- Con la aplicaci\u00f3n&hellip;<\/p>\n","protected":false},"author":2,"featured_media":62307,"comment_status":"closed","ping_status":"open","sticky":false,"template":"","format":"standard","meta":{"_lmt_disableupdate":"","_lmt_disable":"","_jetpack_memberships_contains_paid_content":false,"footnotes":""},"categories":[109,46],"tags":[494],"class_list":["post-62428","post","type-post","status-publish","format-standard","has-post-thumbnail","hentry","category-minuto-a-minuto","category-zona-blanca","tag-fiscalia-general-del-estado-de-oaxaca"],"jetpack_featured_media_url":"https:\/\/zonaroja.com.mx\/wp-content\/uploads\/2023\/11\/Maltrato-animal-perros-1.jpg","jetpack_sharing_enabled":true,"_links":{"self":[{"href":"https:\/\/zonaroja.com.mx\/index.php?rest_route=\/wp\/v2\/posts\/62428","targetHints":{"allow":["GET"]}}],"collection":[{"href":"https:\/\/zonaroja.com.mx\/index.php?rest_route=\/wp\/v2\/posts"}],"about":[{"href":"https:\/\/zonaroja.com.mx\/index.php?rest_route=\/wp\/v2\/types\/post"}],"author":[{"embeddable":true,"href":"https:\/\/zonaroja.com.mx\/index.php?rest_route=\/wp\/v2\/users\/2"}],"replies":[{"embeddable":true,"href":"https:\/\/zonaroja.com.mx\/index.php?rest_route=%2Fwp%2Fv2%2Fcomments&post=62428"}],"version-history":[{"count":1,"href":"https:\/\/zonaroja.com.mx\/index.php?rest_route=\/wp\/v2\/posts\/62428\/revisions"}],"predecessor-version":[{"id":62429,"href":"https:\/\/zonaroja.com.mx\/index.php?rest_route=\/wp\/v2\/posts\/62428\/revisions\/62429"}],"wp:featuredmedia":[{"embeddable":true,"href":"https:\/\/zonaroja.com.mx\/index.php?rest_route=\/wp\/v2\/media\/62307"}],"wp:attachment":[{"href":"https:\/\/zonaroja.com.mx\/index.php?rest_route=%2Fwp%2Fv2%2Fmedia&parent=62428"}],"wp:term":[{"taxonomy":"category","embeddable":true,"href":"https:\/\/zonaroja.com.mx\/index.php?rest_route=%2Fwp%2Fv2%2Fcategories&post=62428"},{"taxonomy":"post_tag","embeddable":true,"href":"https:\/\/zonaroja.com.mx\/index.php?rest_route=%2Fwp%2Fv2%2Ftags&post=62428"}],"curies":[{"name":"wp","href":"https:\/\/api.w.org\/{rel}","templated":true}]}}