{"id":62438,"date":"2023-11-24T15:14:00","date_gmt":"2023-11-24T21:14:00","guid":{"rendered":"http:\/\/www.zonaroja.com.mx\/?p=62438"},"modified":"2023-11-24T16:15:52","modified_gmt":"2023-11-24T22:15:52","slug":"demandan-aparicion-con-vida-de-periodistas-desaparecidos-en-guerrero","status":"publish","type":"post","link":"https:\/\/zonaroja.com.mx\/?p=62438","title":{"rendered":"Demandan aparici\u00f3n con vida de periodistas desaparecidos en Guerrero"},"content":{"rendered":"\n<p>Redacci\u00f3n\/Zona Roja Cdmx.<\/p>\n\n\n\n<p>Ciudad de M\u00e9xico, a 24 de noviembre de 2023.- Art\u00edculo 19 y la Oficina para M\u00e9xico y Centroam\u00e9rica, y Comunicaci\u00f3n e Informaci\u00f3n de la Mujer A.C. (CIMAC) denunciaron la privaci\u00f3n de la libertad que sufrieron tres reporteros en Taxco, Guerrero.<\/p>\n\n\n\n<p>Marco Antonio Toledo Jaimes, director del semanario \u201cEspectador de Taxco\u201d y corresponsal de varios medios, fue secuestrado junto a su esposa, Guadalupe Denova, y su hijo, Alberto Toledo, el 19 de noviembre; asimismo, Silvia Nayssa Arce Avil\u00e9s y Alberto S\u00e1nchez Ju\u00e1rez, periodistas de \u201cRedSiete\u201d, fueron interceptados y desaparecieron el 22 de noviembre cerca de Plaza Taxco.<\/p>\n\n\n\n<p>La organizaci\u00f3n, junto a CIMAC, que confirm\u00f3 los eventos, instaron a las autoridades federales y estatales a actuar de manera urgente y coordinada para localizar a los periodistas desaparecidos, iniciar investigaciones y proporcionar protecci\u00f3n a las familias y colaboradores de los periodistas desaparecidos.<\/p>\n\n\n\n<p>La exigencia incluy\u00f3 que el gobierno de Guerrero, la Fiscal\u00eda Especializada de Atenci\u00f3n a Delitos contra la Libertad de Expresi\u00f3n (FEADLE), y el Mecanismo Federal de Protecci\u00f3n para Personas Defensoras de Derechos Humanos y Periodistas tomen medidas inmediatas para localizar y garantizar la seguridad de los periodistas desaparecidos y sus familiares.<\/p>\n\n\n\n<p>En un comunicado, se destac\u00f3 que en la entidad se han documentado 425 agresiones desde 2009, lo que mantienen a Guerrero como la quinta entidad federativa con m\u00e1s ataques contra periodistas y medios en M\u00e9xico.<\/p>\n\n\n\n<p>\u201cEl estado es tambi\u00e9n el segundo m\u00e1s letal contra la prensa, pues se tienen contabilizados 17 periodistas asesinados, siendo el \u00faltimo caso de Nelson Matus Pe\u00f1a. As\u00ed como 3 periodistas desaparecidos, con el caso de Alan Garc\u00eda siendo el \u00faltimo caso documentado\u201d, denunciaron las organizaciones.<\/p>\n\n\n\n<p>(Informaci\u00f3n de \u201cEl Economista\u201d)<\/p>\n","protected":false},"excerpt":{"rendered":"<p>Redacci\u00f3n\/Zona Roja Cdmx. Ciudad de M\u00e9xico, a 24 de noviembre de 2023.- Art\u00edculo 19 y&hellip;<\/p>\n","protected":false},"author":2,"featured_media":62439,"comment_status":"closed","ping_status":"open","sticky":false,"template":"","format":"standard","meta":{"_lmt_disableupdate":"","_lmt_disable":"","_jetpack_memberships_contains_paid_content":false,"footnotes":""},"categories":[109,47],"tags":[3391],"class_list":["post-62438","post","type-post","status-publish","format-standard","has-post-thumbnail","hentry","category-minuto-a-minuto","category-zona-gris","tag-periodistas-guerrero"],"jetpack_featured_media_url":"https:\/\/zonaroja.com.mx\/wp-content\/uploads\/2023\/11\/Periodistas-desaparecisos-Taxo-Guerrero.jpeg","jetpack_sharing_enabled":true,"_links":{"self":[{"href":"https:\/\/zonaroja.com.mx\/index.php?rest_route=\/wp\/v2\/posts\/62438","targetHints":{"allow":["GET"]}}],"collection":[{"href":"https:\/\/zonaroja.com.mx\/index.php?rest_route=\/wp\/v2\/posts"}],"about":[{"href":"https:\/\/zonaroja.com.mx\/index.php?rest_route=\/wp\/v2\/types\/post"}],"author":[{"embeddable":true,"href":"https:\/\/zonaroja.com.mx\/index.php?rest_route=\/wp\/v2\/users\/2"}],"replies":[{"embeddable":true,"href":"https:\/\/zonaroja.com.mx\/index.php?rest_route=%2Fwp%2Fv2%2Fcomments&post=62438"}],"version-history":[{"count":1,"href":"https:\/\/zonaroja.com.mx\/index.php?rest_route=\/wp\/v2\/posts\/62438\/revisions"}],"predecessor-version":[{"id":62440,"href":"https:\/\/zonaroja.com.mx\/index.php?rest_route=\/wp\/v2\/posts\/62438\/revisions\/62440"}],"wp:featuredmedia":[{"embeddable":true,"href":"https:\/\/zonaroja.com.mx\/index.php?rest_route=\/wp\/v2\/media\/62439"}],"wp:attachment":[{"href":"https:\/\/zonaroja.com.mx\/index.php?rest_route=%2Fwp%2Fv2%2Fmedia&parent=62438"}],"wp:term":[{"taxonomy":"category","embeddable":true,"href":"https:\/\/zonaroja.com.mx\/index.php?rest_route=%2Fwp%2Fv2%2Fcategories&post=62438"},{"taxonomy":"post_tag","embeddable":true,"href":"https:\/\/zonaroja.com.mx\/index.php?rest_route=%2Fwp%2Fv2%2Ftags&post=62438"}],"curies":[{"name":"wp","href":"https:\/\/api.w.org\/{rel}","templated":true}]}}