{"id":6244,"date":"2019-12-01T10:59:51","date_gmt":"2019-12-01T16:59:51","guid":{"rendered":"https:\/\/www.zonaroja.com.mx\/?p=6244"},"modified":"2019-12-01T11:02:43","modified_gmt":"2019-12-01T17:02:43","slug":"opaca-la-inseguridad-el-primer-ano-del-gobierno-de-amlo","status":"publish","type":"post","link":"https:\/\/zonaroja.com.mx\/?p=6244","title":{"rendered":"Opaca la inseguridad el primer a\u00f1o del gobierno de AMLO"},"content":{"rendered":"\n<p class=\"MsoNormal\">Redacci\u00f3n\/Zona Roja Cdmx.<\/p>\n\n\n\n<p class=\"MsoNormal\">Ciudad de M\u00e9xico, 1 de diciembre de 2019.- A pesar del hist\u00f3rico despliegue de fuerzas federales en todo el Pa\u00eds, la violencia en el Pa\u00eds no cede, p\u00fablico hoy el diario \u201cReforma\u201d, que adem\u00e1s difundi\u00f3 una encuesta en que disminuy\u00f3 la popularidad del mandatario mexicano. <\/p>\n\n\n\n<p class=\"MsoNormal\">Siendo el logro de la paz y la disminuci\u00f3n de violencia promesas centrales del Presidente&nbsp; Andr\u00e9s Manuel L\u00f3pez Obrador, son ahora sus pendientes que le pesan como losa, en su primer a\u00f1o de Gobierno.<\/p>\n\n\n\n<p class=\"MsoNormal\">Entre el 1 de diciembre de 2018 y el 27 de noviembre de 2019, la llamada Cuarta Transformaci\u00f3n acumul\u00f3 34 mil 657 v\u00edctimas de asesinatos, un promedio de 95 al d\u00eda, de acuerdo con datos del Sistema Nacional de Seguridad P\u00fablica, seg\u00fan difundi\u00f3 \u201cReforma\u201d.&nbsp;<\/p>\n\n\n\n<p class=\"MsoNormal\">Aunque AMLO atiende personalmente el problema al encabezar la reuni\u00f3n del Gabinete de Seguridad&nbsp;<a href=\"\/\/2\">a las 6 de la ma\u00f1ana<\/a>, el 2019 se perfila como el a\u00f1o m\u00e1s violento del que se tenga registro, a\u00f1ade el rotativo.&nbsp;<\/p>\n\n\n\n<p class=\"MsoNormal\">No obstante que tuvo el m\u00e1s largo arranque de un Gobierno, pues desde julio de 2018 tom\u00f3 el proceso de transici\u00f3n con la administraci\u00f3n anterior y anunci\u00f3 por anticipado nombramientos en el \u00e1rea de seguridad, la falta de resultados tambi\u00e9n se refleja en aumento de delitos como plagio y extorsi\u00f3n.<\/p>\n\n\n\n<p class=\"MsoNormal\">Seg\u00fan el Ejecut\u00f3metro de Grupo \u201cReforma\u201d, el Pa\u00eds ha registrado, en promedio, un multihomicidio de nueve o m\u00e1s personas cada mes.<\/p>\n\n\n\n<p class=\"MsoNormal\">Y seg\u00fan el Observatorio Nacional Ciudadano, las tasas de delitos de alto impacto como homicidio doloso y culposo, feminicidio, secuestro, extorsi\u00f3n y trata de personas son, en todos los casos, m\u00e1s altas que en 2018.<\/p>\n\n\n\n<p class=\"MsoNormal\">\u201cLa promesa de recuperar la paz y disminuir la violencia en M\u00e9xico desde el inicio de la presente Administraci\u00f3n s\u00f3lo qued\u00f3 en el discurso.<\/p>\n\n\n\n<p class=\"MsoNormal\">\u201cLa incidencia delictiva contin\u00faa en ascenso y es un hecho que este a\u00f1o ser\u00e1 el m\u00e1s violento de la historia contempor\u00e1nea del Pa\u00eds. A casi un a\u00f1o de esta administraci\u00f3n carecemos de resultados tangibles\u201d, plante\u00f3 el Observatorio en un informe titulado \u201cLa seguridad de los mexicanos: Lo prometido a\u00fan es deuda\u201d.<\/p>\n\n\n\n<p class=\"MsoNormal\">La creciente violencia y la inseguridad no s\u00f3lo se han visto reflejadas en las cifras, sino \u2013adem\u00e1s de las fosas en Jalisco y los ataques en Minatitl\u00e1n y Veracruz\u2013 en dos momentos clave: la toma de Culiac\u00e1n y la masacre de la familia LeBar\u00f3n.<\/p>\n\n\n\n<p class=\"MsoNormal\">La estrategia puesta en marcha, anunciada como \u201cun cambio de paradigma\u201d que busca bajar los \u00edndices de letalidad, ha requerido de reformas constitucionales y legales, pero tambi\u00e9n de inversiones millonarias en programas sociales, licencia para que las Fuerzas Armadas sigan en las calles cinco a\u00f1os m\u00e1s y la creaci\u00f3n de una Guardia Nacional.<\/p>\n\n\n\n<p class=\"MsoNormal\">En el discurso, el Mandatario ha apostado a un llamado de conciencia a quienes integran las bandas criminales, para que dejen las armas, no se deslumbren con el dinero f\u00e1cil, el lujo y, as\u00ed, no lastimen a sus madres y abuelas.<\/p>\n\n\n\n<p class=\"MsoNormal\">Existe un despliegue hist\u00f3rico de fuerzas federales en todo el Pa\u00eds que no ha contenido los \u00edndices delictivos. Han sido movilizados casi 63 mil militares, 14 por ciento m\u00e1s que la Administraci\u00f3n anterior y 19 mil m\u00e1s que con Felipe Calder\u00f3n.<\/p>\n\n\n\n<p class=\"MsoNormal\">Adem\u00e1s, de acuerdo con la SSP, se pretende cerrar el a\u00f1o con unos 92 mil elementos de la Guardia Nacional, con presencia en todas las entidades federativas.<\/p>\n","protected":false},"excerpt":{"rendered":"<p>Redacci\u00f3n\/Zona Roja Cdmx. Ciudad de M\u00e9xico, 1 de diciembre de 2019.- A pesar del hist\u00f3rico&hellip;<\/p>\n","protected":false},"author":2,"featured_media":5064,"comment_status":"closed","ping_status":"open","sticky":false,"template":"","format":"standard","meta":{"_lmt_disableupdate":"","_lmt_disable":"","_jetpack_memberships_contains_paid_content":false,"footnotes":""},"categories":[109,47],"tags":[143],"class_list":["post-6244","post","type-post","status-publish","format-standard","has-post-thumbnail","hentry","category-minuto-a-minuto","category-zona-gris","tag-andres-manuel-lopez-obrador"],"jetpack_featured_media_url":"https:\/\/zonaroja.com.mx\/wp-content\/uploads\/2019\/10\/amlo.jpg","jetpack_sharing_enabled":true,"_links":{"self":[{"href":"https:\/\/zonaroja.com.mx\/index.php?rest_route=\/wp\/v2\/posts\/6244","targetHints":{"allow":["GET"]}}],"collection":[{"href":"https:\/\/zonaroja.com.mx\/index.php?rest_route=\/wp\/v2\/posts"}],"about":[{"href":"https:\/\/zonaroja.com.mx\/index.php?rest_route=\/wp\/v2\/types\/post"}],"author":[{"embeddable":true,"href":"https:\/\/zonaroja.com.mx\/index.php?rest_route=\/wp\/v2\/users\/2"}],"replies":[{"embeddable":true,"href":"https:\/\/zonaroja.com.mx\/index.php?rest_route=%2Fwp%2Fv2%2Fcomments&post=6244"}],"version-history":[{"count":1,"href":"https:\/\/zonaroja.com.mx\/index.php?rest_route=\/wp\/v2\/posts\/6244\/revisions"}],"predecessor-version":[{"id":6245,"href":"https:\/\/zonaroja.com.mx\/index.php?rest_route=\/wp\/v2\/posts\/6244\/revisions\/6245"}],"wp:featuredmedia":[{"embeddable":true,"href":"https:\/\/zonaroja.com.mx\/index.php?rest_route=\/wp\/v2\/media\/5064"}],"wp:attachment":[{"href":"https:\/\/zonaroja.com.mx\/index.php?rest_route=%2Fwp%2Fv2%2Fmedia&parent=6244"}],"wp:term":[{"taxonomy":"category","embeddable":true,"href":"https:\/\/zonaroja.com.mx\/index.php?rest_route=%2Fwp%2Fv2%2Fcategories&post=6244"},{"taxonomy":"post_tag","embeddable":true,"href":"https:\/\/zonaroja.com.mx\/index.php?rest_route=%2Fwp%2Fv2%2Ftags&post=6244"}],"curies":[{"name":"wp","href":"https:\/\/api.w.org\/{rel}","templated":true}]}}