{"id":62441,"date":"2023-11-24T10:30:00","date_gmt":"2023-11-24T16:30:00","guid":{"rendered":"http:\/\/www.zonaroja.com.mx\/?p=62441"},"modified":"2023-11-24T11:14:27","modified_gmt":"2023-11-24T17:14:27","slug":"detienen-a-joven-que-rocio-gasolina-y-prendio-fuego-a-su-companero-en-edomex","status":"publish","type":"post","link":"https:\/\/zonaroja.com.mx\/?p=62441","title":{"rendered":"Detienen a joven que roci\u00f3 gasolina y prendi\u00f3 fuego a su compa\u00f1ero, en Edomex"},"content":{"rendered":"\n<p>Redacci\u00f3n\/Zona Roja Cdmx.<\/p>\n\n\n\n<p>Ciudad de M\u00e9xico, a 24 de noviembre de 2023.- La Fiscal\u00eda General de Justicia del Estado de M\u00e9xico (FGJEM) inform\u00f3 de la detenci\u00f3n de Oscar \u201cN\u201d, acusado de haber rociado con gasolina y prendido a Cristian, de 18 a\u00f1os de edad, cuando se encontraba en la Escuela de Mec\u00e1nica Automotriz CEDVA, plantel Texcoco, el pasado 18 de noviembre.<\/p>\n\n\n\n<p>La dependencia se\u00f1al\u00f3 que se le cumpliment\u00f3 una orden de aprehensi\u00f3n por el delito de lesiones dolosas y ser\u00e1 puesto ante una autoridad judicial.<\/p>\n\n\n\n<p>El joven Cristian se encuentra internado y convaleciente en el hospital \u201cRub\u00e9n Le\u00f1ero\u201d en la Ciudad de M\u00e9xico, donde se reporta estable con quemaduras de segundo y tercer grado.<\/p>\n\n\n\n<p>La familia inform\u00f3 que el pasado 18 de noviembre, Cristian acudi\u00f3 como todos los s\u00e1bados a la Escuela de Mec\u00e1nica Automotriz CEDVA, plantel Texcoco donde estudiaba mantenimiento de motocicletas.<\/p>\n\n\n\n<p>Agreg\u00f3 que en las aulas fue agredido por dos de sus compa\u00f1eros, quienes les rociaron gasolina y le prendieron fuego.<\/p>\n\n\n\n<p>Ese d\u00eda, el joven fue trasladado al hospital privado \u201cAtenas\u201d ubicado en Texcoco, como parte de la p\u00f3liza de seguro de la escuela; sin embargo el martes pasado al cumplirse el monto de la p\u00f3liza fue obligado a abandonar el nosocomio debido a que la familia ten\u00eda que pagar y no contaba con recursos econ\u00f3micos.<\/p>\n\n\n\n<p>La familia traslad\u00f3 al joven, por sus propios medios, al hospital \u201cLas Am\u00e9ricas\u201d en Ecatepec pero fue rechazado al argumentarse que el nosocomio estaba saturado. Despu\u00e9s lo trasladaron al hospital \u201cRub\u00e9n Le\u00f1ero\u201d.<\/p>\n\n\n\n<p>La FGJEM inform\u00f3 que se inici\u00f3 la carpeta de investigaci\u00f3n con la denuncia que present\u00f3 el pap\u00e1 y para fortalecer la investigaci\u00f3n se canaliz\u00f3 la denuncia a la Fiscal\u00eda de Asuntos Especiales. Derivado de ello se libr\u00f3 la orden de aprehensi\u00f3n y detenci\u00f3n de uno de los responsables.<\/p>\n\n\n\n<p>(Informaci\u00f3n de \u00abLa Jornada\u201d)<\/p>\n","protected":false},"excerpt":{"rendered":"<p>Redacci\u00f3n\/Zona Roja Cdmx. Ciudad de M\u00e9xico, a 24 de noviembre de 2023.- La Fiscal\u00eda General&hellip;<\/p>\n","protected":false},"author":2,"featured_media":62442,"comment_status":"closed","ping_status":"open","sticky":false,"template":"","format":"standard","meta":{"_lmt_disableupdate":"","_lmt_disable":"","_jetpack_memberships_contains_paid_content":false,"footnotes":""},"categories":[109,47],"tags":[1200],"class_list":["post-62441","post","type-post","status-publish","format-standard","has-post-thumbnail","hentry","category-minuto-a-minuto","category-zona-gris","tag-estado-de-mexico"],"jetpack_featured_media_url":"https:\/\/zonaroja.com.mx\/wp-content\/uploads\/2023\/11\/Detenido-rocio-gasolina-Estado-de-Mexico.webp","jetpack_sharing_enabled":true,"_links":{"self":[{"href":"https:\/\/zonaroja.com.mx\/index.php?rest_route=\/wp\/v2\/posts\/62441","targetHints":{"allow":["GET"]}}],"collection":[{"href":"https:\/\/zonaroja.com.mx\/index.php?rest_route=\/wp\/v2\/posts"}],"about":[{"href":"https:\/\/zonaroja.com.mx\/index.php?rest_route=\/wp\/v2\/types\/post"}],"author":[{"embeddable":true,"href":"https:\/\/zonaroja.com.mx\/index.php?rest_route=\/wp\/v2\/users\/2"}],"replies":[{"embeddable":true,"href":"https:\/\/zonaroja.com.mx\/index.php?rest_route=%2Fwp%2Fv2%2Fcomments&post=62441"}],"version-history":[{"count":1,"href":"https:\/\/zonaroja.com.mx\/index.php?rest_route=\/wp\/v2\/posts\/62441\/revisions"}],"predecessor-version":[{"id":62443,"href":"https:\/\/zonaroja.com.mx\/index.php?rest_route=\/wp\/v2\/posts\/62441\/revisions\/62443"}],"wp:featuredmedia":[{"embeddable":true,"href":"https:\/\/zonaroja.com.mx\/index.php?rest_route=\/wp\/v2\/media\/62442"}],"wp:attachment":[{"href":"https:\/\/zonaroja.com.mx\/index.php?rest_route=%2Fwp%2Fv2%2Fmedia&parent=62441"}],"wp:term":[{"taxonomy":"category","embeddable":true,"href":"https:\/\/zonaroja.com.mx\/index.php?rest_route=%2Fwp%2Fv2%2Fcategories&post=62441"},{"taxonomy":"post_tag","embeddable":true,"href":"https:\/\/zonaroja.com.mx\/index.php?rest_route=%2Fwp%2Fv2%2Ftags&post=62441"}],"curies":[{"name":"wp","href":"https:\/\/api.w.org\/{rel}","templated":true}]}}