{"id":62446,"date":"2023-11-24T13:40:00","date_gmt":"2023-11-24T19:40:00","guid":{"rendered":"http:\/\/www.zonaroja.com.mx\/?p=62446"},"modified":"2023-11-24T16:15:22","modified_gmt":"2023-11-24T22:15:22","slug":"reducir-gubernatura-para-mujer-a-dos-anos-es-violencia-politica-diputada","status":"publish","type":"post","link":"https:\/\/zonaroja.com.mx\/?p=62446","title":{"rendered":"Reducir gubernatura para mujer a dos a\u00f1os es violencia pol\u00edtica: diputada"},"content":{"rendered":"\n<p>Redacci\u00f3n\/Zona Roja.<\/p>\n\n\n\n<p>Oaxaca de Ju\u00e1rez, Oax.- 24 de noviembre de 2023.- Tras la propuesta del gripo parlamentario de Morena en el Congreso de Oaxaca, de reducir a dos a\u00f1os el pr\u00f3ximo periodo de gubernatura, que corresponder\u00eda a un mujer, la diputada morenista Concepci\u00f3n Rueda G\u00f3mez la catalog\u00f3 como violencia pol\u00edtica.<\/p>\n\n\n\n<p>\u201cEs un atentado a los derechos pol\u00edticos de las mujeres, debido a que por el principio de alternancia de g\u00e9nero existe posibilidad de que en ese a\u00f1o la gubernatura sea asumida por primera vez por una mujer\u201d, sostuvo.&nbsp;<\/p>\n\n\n\n<p>En un comunicado, la suplente de Susana Harp en el Senado de la Rep\u00fablica lament\u00f3 que las diputadas del grupo parlamentario de Morena hayan arropado esta propuesta legislativa bajo el argumento de \u201cahorro presupuestal\u201d, sin tomar en cuenta que estar\u00edan reduciendo el gobierno que asumir\u00eda por primera vez una mujer oaxaque\u00f1a.&nbsp;<\/p>\n\n\n\n<p>La legisladora record\u00f3 que no es la primera vez que Morena impulsa una propuesta que afecta los derechos pol\u00edticos de las mujeres, pues en marzo pasado la Suprema Corte de Justicia de la Naci\u00f3n invalid\u00f3 una reforma que retrasaba la paridad de g\u00e9nero en los municipios ind\u00edgenas, la cual fue aprobada por las y los morenistas.&nbsp;<\/p>\n\n\n\n<p>La propuesta de la fracci\u00f3n parlamentaria de Morena, presentada el pasado mi\u00e9rcoles en sesi\u00f3n ordinaria, fue turnada a la comisi\u00f3n permanente de asuntos constitucionales de la 65 legislatura de Oaxaca para su an\u00e1lisis y discusi\u00f3n.<\/p>\n","protected":false},"excerpt":{"rendered":"<p>Redacci\u00f3n\/Zona Roja. Oaxaca de Ju\u00e1rez, Oax.- 24 de noviembre de 2023.- Tras la propuesta del&hellip;<\/p>\n","protected":false},"author":2,"featured_media":62454,"comment_status":"closed","ping_status":"open","sticky":false,"template":"","format":"standard","meta":{"_lmt_disableupdate":"","_lmt_disable":"","_jetpack_memberships_contains_paid_content":false,"footnotes":""},"categories":[109,47],"tags":[],"class_list":["post-62446","post","type-post","status-publish","format-standard","has-post-thumbnail","hentry","category-minuto-a-minuto","category-zona-gris"],"jetpack_featured_media_url":"https:\/\/zonaroja.com.mx\/wp-content\/uploads\/2023\/11\/Susana-Harp-y-Concepcion-Rueda.jpeg","jetpack_sharing_enabled":true,"_links":{"self":[{"href":"https:\/\/zonaroja.com.mx\/index.php?rest_route=\/wp\/v2\/posts\/62446","targetHints":{"allow":["GET"]}}],"collection":[{"href":"https:\/\/zonaroja.com.mx\/index.php?rest_route=\/wp\/v2\/posts"}],"about":[{"href":"https:\/\/zonaroja.com.mx\/index.php?rest_route=\/wp\/v2\/types\/post"}],"author":[{"embeddable":true,"href":"https:\/\/zonaroja.com.mx\/index.php?rest_route=\/wp\/v2\/users\/2"}],"replies":[{"embeddable":true,"href":"https:\/\/zonaroja.com.mx\/index.php?rest_route=%2Fwp%2Fv2%2Fcomments&post=62446"}],"version-history":[{"count":1,"href":"https:\/\/zonaroja.com.mx\/index.php?rest_route=\/wp\/v2\/posts\/62446\/revisions"}],"predecessor-version":[{"id":62447,"href":"https:\/\/zonaroja.com.mx\/index.php?rest_route=\/wp\/v2\/posts\/62446\/revisions\/62447"}],"wp:featuredmedia":[{"embeddable":true,"href":"https:\/\/zonaroja.com.mx\/index.php?rest_route=\/wp\/v2\/media\/62454"}],"wp:attachment":[{"href":"https:\/\/zonaroja.com.mx\/index.php?rest_route=%2Fwp%2Fv2%2Fmedia&parent=62446"}],"wp:term":[{"taxonomy":"category","embeddable":true,"href":"https:\/\/zonaroja.com.mx\/index.php?rest_route=%2Fwp%2Fv2%2Fcategories&post=62446"},{"taxonomy":"post_tag","embeddable":true,"href":"https:\/\/zonaroja.com.mx\/index.php?rest_route=%2Fwp%2Fv2%2Ftags&post=62446"}],"curies":[{"name":"wp","href":"https:\/\/api.w.org\/{rel}","templated":true}]}}