{"id":62449,"date":"2023-11-24T14:18:00","date_gmt":"2023-11-24T20:18:00","guid":{"rendered":"http:\/\/www.zonaroja.com.mx\/?p=62449"},"modified":"2023-11-24T08:22:12","modified_gmt":"2023-11-24T14:22:12","slug":"convoca-el-poder-judicial-de-oaxaca-a-taller-para-periodistas","status":"publish","type":"post","link":"https:\/\/zonaroja.com.mx\/?p=62449","title":{"rendered":"Convoca el Poder Judicial de Oaxaca a taller para periodistas\u00a0"},"content":{"rendered":"\n<p>Redacci\u00f3n\/Zona Roja.<\/p>\n\n\n\n<p>Oaxaca de Ju\u00e1rez, Oax., a 24 de noviembre de 2023.- El Poder Judicial del Estado,&nbsp;a trav\u00e9s de la Coordinaci\u00f3n de Comunicaci\u00f3n Social y la Escuela Judicial,&nbsp;invita al taller para periodistas \u201cNuevas disposiciones jur\u00eddicas del Sistema Penal Acusatorio\u201d, que se impartir\u00e1 en la modalidad presencial&nbsp;el pr\u00f3ximo martes 28 de noviembre.<\/p>\n\n\n\n<p>La actividad tendr\u00e1 como ponentes&nbsp;al maestro Manlio Rigoberto Dom\u00ednguez Hern\u00e1ndez, Visitador General del Consejo de la Judicatura y a la licenciada&nbsp;Betzzaida&nbsp;Cruz Mendoza, directora del Centro de Justicia Alternativa del Poder Judicial del Estado,quienes&nbsp;abordar\u00e1n los temas La&nbsp;Prisi\u00f3n Preventiva en M\u00e9xico&nbsp;y&nbsp;Acuerdos reparatorios en el Sistema Penal Acusatorio.<\/p>\n\n\n\n<p>El taller, que cuenta con validez curricular, tendr\u00e1 como&nbsp;sede&nbsp;el Consejo de la Judicatura, con domicilio en&nbsp;la calle de&nbsp;Sabinos 106, Colonia Reforma,&nbsp;en un horario de&nbsp;9:00 a 13:00 horas.&nbsp;Las&nbsp;y los periodistas interesados&nbsp;pueden registrarse a trav\u00e9s del enlace&nbsp;https:\/\/goo.su\/juFg<\/p>\n\n\n\n<p>Entre las caracter\u00edsticas del nuevo sistema est\u00e1n la presunci\u00f3n de inocencia; que la mayor\u00eda de las actuaciones judiciales se practican de forma oral&nbsp;e intervienen&nbsp;distintos jueces en el procedimiento, como son&nbsp;los jueces de control; los jueces de enjuiciamiento y los jueces de ejecuci\u00f3n de sentencias.<\/p>\n\n\n\n<p>Asimismo, se introducen Mecanismos Alternativos de Soluci\u00f3n de Controversias y se promueve el uso de medios tecnol\u00f3gicos para notificaciones y diligencias.<\/p>\n","protected":false},"excerpt":{"rendered":"<p>Redacci\u00f3n\/Zona Roja. Oaxaca de Ju\u00e1rez, Oax., a 24 de noviembre de 2023.- El Poder Judicial&hellip;<\/p>\n","protected":false},"author":2,"featured_media":47613,"comment_status":"closed","ping_status":"open","sticky":false,"template":"","format":"standard","meta":{"_lmt_disableupdate":"","_lmt_disable":"","_jetpack_memberships_contains_paid_content":false,"footnotes":""},"categories":[109,46],"tags":[223],"class_list":["post-62449","post","type-post","status-publish","format-standard","has-post-thumbnail","hentry","category-minuto-a-minuto","category-zona-blanca","tag-poder-judicial-de-oaxaca"],"jetpack_featured_media_url":"https:\/\/zonaroja.com.mx\/wp-content\/uploads\/2022\/11\/Poder-Judicial-Oaxaca-Tribunal-Superior-de-Justicia.jpeg","jetpack_sharing_enabled":true,"_links":{"self":[{"href":"https:\/\/zonaroja.com.mx\/index.php?rest_route=\/wp\/v2\/posts\/62449","targetHints":{"allow":["GET"]}}],"collection":[{"href":"https:\/\/zonaroja.com.mx\/index.php?rest_route=\/wp\/v2\/posts"}],"about":[{"href":"https:\/\/zonaroja.com.mx\/index.php?rest_route=\/wp\/v2\/types\/post"}],"author":[{"embeddable":true,"href":"https:\/\/zonaroja.com.mx\/index.php?rest_route=\/wp\/v2\/users\/2"}],"replies":[{"embeddable":true,"href":"https:\/\/zonaroja.com.mx\/index.php?rest_route=%2Fwp%2Fv2%2Fcomments&post=62449"}],"version-history":[{"count":1,"href":"https:\/\/zonaroja.com.mx\/index.php?rest_route=\/wp\/v2\/posts\/62449\/revisions"}],"predecessor-version":[{"id":62450,"href":"https:\/\/zonaroja.com.mx\/index.php?rest_route=\/wp\/v2\/posts\/62449\/revisions\/62450"}],"wp:featuredmedia":[{"embeddable":true,"href":"https:\/\/zonaroja.com.mx\/index.php?rest_route=\/wp\/v2\/media\/47613"}],"wp:attachment":[{"href":"https:\/\/zonaroja.com.mx\/index.php?rest_route=%2Fwp%2Fv2%2Fmedia&parent=62449"}],"wp:term":[{"taxonomy":"category","embeddable":true,"href":"https:\/\/zonaroja.com.mx\/index.php?rest_route=%2Fwp%2Fv2%2Fcategories&post=62449"},{"taxonomy":"post_tag","embeddable":true,"href":"https:\/\/zonaroja.com.mx\/index.php?rest_route=%2Fwp%2Fv2%2Ftags&post=62449"}],"curies":[{"name":"wp","href":"https:\/\/api.w.org\/{rel}","templated":true}]}}