{"id":62451,"date":"2023-11-24T12:19:23","date_gmt":"2023-11-24T18:19:23","guid":{"rendered":"http:\/\/www.zonaroja.com.mx\/?p=62451"},"modified":"2023-11-24T12:22:26","modified_gmt":"2023-11-24T18:22:26","slug":"tepjf-autoridades-de-oaxaca-vulneraron-principios-de-contienda-electoral","status":"publish","type":"post","link":"https:\/\/zonaroja.com.mx\/?p=62451","title":{"rendered":"TEPJF: autoridades de Oaxaca vulneraron principios de contienda electoral"},"content":{"rendered":"\n<p>Redacci\u00f3n\/Zona Roja Cdmx.<\/p>\n\n\n\n<p>Ciudad de M\u00e9xico, a 24 de noviembre de 2023.- La Sala Especializada del Tribunal Electoral del Poder Judicial de la Federaci\u00f3n (TEPJF) determin\u00f3 que el gobernador de Oaxaca, Salom\u00f3n Jara Cruz, y diversas personas servidoras p\u00fablicas, hicieron uso indebido de recursos p\u00fablicos y vulneraron los principios de imparcialidad, equidad y neutralidad con motivo de la difusi\u00f3n y transmisi\u00f3n de una conferencia de prensa realizada el pasado 21 de agosto.<\/p>\n\n\n\n<p>Lo anterior, porque las expresiones del mandatario tuvieron como finalidad disuadir el apoyo en favor de X\u00f3chitl G\u00e1lvez y del proceso interno del Frente Amplio por M\u00e9xico, en el cual ella participaba.<\/p>\n\n\n\n<p>Por esta conducta, el pleno aprob\u00f3 dar vista al Congreso de Oaxaca para que determine lo que en derecho corresponda.<\/p>\n\n\n\n<p>Por la difusi\u00f3n de la conferencia de prensa en cuyo marco se realizaron los comentarios fueron responsabilizados Elizabeth \u00c1lvarez Acosta, coordinadora de Comunicaci\u00f3n Social del gobierno de Oaxaca; \u00d3scar Javier Mateos Mendoza, director de Comunicaci\u00f3n Digital, y Gildardo Arturo Elorza Garc\u00eda, jefe de Departamento de Comunicaci\u00f3n Digital, ambos de la Coordinaci\u00f3n de Comunicaci\u00f3n Social del gobierno de Oaxaca.<\/p>\n\n\n\n<p>Tambi\u00e9n se declar\u00f3 la responsabilidad de Eulogio Daniel Hern\u00e1ndez Ju\u00e1rez, director general; Maribel Mendoza Ram\u00edrez, encargada de despacho de la Direcci\u00f3n de Noticias y, Gabriela Ruiz Espinoza, auxiliar nivel 01, adscritos a la Corporaci\u00f3n Oaxaque\u00f1a de Radio y Televisi\u00f3n.<\/p>\n\n\n\n<p>En estos casos se orden\u00f3 dar vista a la Secretar\u00eda de Honestidad, Transparencia y Funci\u00f3n P\u00fablica del estado de Oaxaca para que destermine lo que en derecho corresponda (SRE-PSC-127\/2023).<\/p>\n\n\n\n<p>En sesi\u00f3n p\u00fablica, la Sala Especializada tambi\u00e9n determin\u00f3 que diversas personas relacionadas con el partido Movimiento Ciudadano, entre ellas, Jorge \u00c1lvarez M\u00e1ynez y Salom\u00f3n Chertorivski Woldenberg, no calumniaron al PRI con la frase \u201ccon el PRI ni a la esquina\u201d.<\/p>\n\n\n\n<p>El Pleno tom\u00f3 esta decisi\u00f3n porque dicha frase no representa la imputaci\u00f3n de delito o hecho falso (SRE-PSC-124\/2023).<\/p>\n\n\n\n<p>A su vez, la Sala Especializada determin\u00f3 devolver a la autoridad administrativa (Unidad T\u00e9cnica de lo Contencioso Electoral del INE), el expediente sobre la denuncia presentada contra Claudia Sheinbaum y Alfonso Ram\u00edrez Cu\u00e9llar, por la presunta realizaci\u00f3n de actos anticipados de precampa\u00f1a y campa\u00f1a, a trav\u00e9s de diversas publicaciones de Twitter (ahora X), Facebook e Instagram.<\/p>\n\n\n\n<p>El proyecto original planteaba la inexistencia de las infracciones, sin embargo, la mayor\u00eda aprob\u00f3 la devoluci\u00f3n del expediente con el fin de realizar mayores diligencias de investigaci\u00f3n y emplazar nuevamente a las partes (SRE-PSC-126\/2023).<\/p>\n\n\n\n<p>(Comunicado)&nbsp;<\/p>\n","protected":false},"excerpt":{"rendered":"<p>Redacci\u00f3n\/Zona Roja Cdmx. Ciudad de M\u00e9xico, a 24 de noviembre de 2023.- La Sala Especializada&hellip;<\/p>\n","protected":false},"author":2,"featured_media":35668,"comment_status":"closed","ping_status":"open","sticky":false,"template":"","format":"standard","meta":{"_lmt_disableupdate":"","_lmt_disable":"","_jetpack_memberships_contains_paid_content":false,"footnotes":""},"categories":[109,47],"tags":[],"class_list":["post-62451","post","type-post","status-publish","format-standard","has-post-thumbnail","hentry","category-minuto-a-minuto","category-zona-gris"],"jetpack_featured_media_url":"https:\/\/zonaroja.com.mx\/wp-content\/uploads\/2021\/12\/Tribunal-Electoral-del-Poder-Judicial-de-la-Federacion.jpg","jetpack_sharing_enabled":true,"_links":{"self":[{"href":"https:\/\/zonaroja.com.mx\/index.php?rest_route=\/wp\/v2\/posts\/62451","targetHints":{"allow":["GET"]}}],"collection":[{"href":"https:\/\/zonaroja.com.mx\/index.php?rest_route=\/wp\/v2\/posts"}],"about":[{"href":"https:\/\/zonaroja.com.mx\/index.php?rest_route=\/wp\/v2\/types\/post"}],"author":[{"embeddable":true,"href":"https:\/\/zonaroja.com.mx\/index.php?rest_route=\/wp\/v2\/users\/2"}],"replies":[{"embeddable":true,"href":"https:\/\/zonaroja.com.mx\/index.php?rest_route=%2Fwp%2Fv2%2Fcomments&post=62451"}],"version-history":[{"count":1,"href":"https:\/\/zonaroja.com.mx\/index.php?rest_route=\/wp\/v2\/posts\/62451\/revisions"}],"predecessor-version":[{"id":62452,"href":"https:\/\/zonaroja.com.mx\/index.php?rest_route=\/wp\/v2\/posts\/62451\/revisions\/62452"}],"wp:featuredmedia":[{"embeddable":true,"href":"https:\/\/zonaroja.com.mx\/index.php?rest_route=\/wp\/v2\/media\/35668"}],"wp:attachment":[{"href":"https:\/\/zonaroja.com.mx\/index.php?rest_route=%2Fwp%2Fv2%2Fmedia&parent=62451"}],"wp:term":[{"taxonomy":"category","embeddable":true,"href":"https:\/\/zonaroja.com.mx\/index.php?rest_route=%2Fwp%2Fv2%2Fcategories&post=62451"},{"taxonomy":"post_tag","embeddable":true,"href":"https:\/\/zonaroja.com.mx\/index.php?rest_route=%2Fwp%2Fv2%2Ftags&post=62451"}],"curies":[{"name":"wp","href":"https:\/\/api.w.org\/{rel}","templated":true}]}}