{"id":62458,"date":"2023-11-24T19:30:41","date_gmt":"2023-11-25T01:30:41","guid":{"rendered":"http:\/\/www.zonaroja.com.mx\/?p=62458"},"modified":"2023-11-24T19:30:44","modified_gmt":"2023-11-25T01:30:44","slug":"si-no-es-la-sedena-entonces-quien-provee-de-uniformes-al-gobierno","status":"publish","type":"post","link":"https:\/\/zonaroja.com.mx\/?p=62458","title":{"rendered":"Si no es la Sedena, \u00bfentonces qui\u00e9n provee de uniformes al gobierno?"},"content":{"rendered":"\n<p>Yuridiana Sosa\/Zona Roja.&nbsp;<\/p>\n\n\n\n<p>Oaxaca de Ju\u00e1rez, Oax., a 24 de noviembre de 2023.- Proveedores de uniformes para las escuelas p\u00fablicas de Oaxaca se manifestaron a la llegada del Presidente de M\u00e9xico, Andr\u00e9s Manuel L\u00f3pez Obrador, ante el presunto enga\u00f1o del gobierno estatal sobre la participaci\u00f3n de la Sedena en la confecci\u00f3n de las prendas, para retirarles su convenio.&nbsp;<\/p>\n\n\n\n<p>Los maquiladores, aglutinados en el Grupo Textil Ocho Regiones, instalaron un bloqueo sobre la carretera federal 190 Oaxaca-Istmo, frente al&nbsp;acceso a la XXVIII Zona Militar, en Santa Mar\u00eda Ixcotel, zona conurbada a la capital, para demandar una audiencia&nbsp;con el mandatario nacional para aclarar su problema.&nbsp;<\/p>\n\n\n\n<p>El problema inici\u00f3 tras al anuncio del director general del Instituto Estatal de Educaci\u00f3n P\u00fablica de Oaxaca (IEEPO), Emilio Montero, de que este a\u00f1o la Secretar\u00eda de la Defensa Nacional estar\u00eda a cargo de la confecci\u00f3n de los uniformes escolares, como parte del programa social de entrega gratuita de las prendas, pues lo dejar\u00eda sin trabajo.&nbsp;<\/p>\n\n\n\n<p>Sin embargo, apuntaron que la Sedena les inform\u00f3 que no existe un convenio con dicha instituci\u00f3n del Gobierno del Estado, lo que gener\u00f3 una mayor incertidumbre en el gremio textilero de Oaxaca.&nbsp;<\/p>\n\n\n\n<p>Para tratar de esclarecer la situaci\u00f3n y conocer&nbsp;si participar\u00e1n en la confecci\u00f3n de uniformes,&nbsp;han solicitado una audiencia con el gobernador Salom\u00f3n Jara, pero les ha sido negada.&nbsp;<\/p>\n\n\n\n<p>\u201cNuestra industria textil merece ser escuchada y apoyada\u201d, gritaron los proveedores durante su protesta, en la que solicitaron \u00fanicamente cinco minutos con L\u00f3pez Obrador, quien al finalizar su conferencia evit\u00f3 su salida v\u00eda terrestre y se retir\u00f3 en helic\u00f3ptero.<\/p>\n\n\n\n<p>Ante ello, los texileros bloquearon por completo la vialidad por media hora, tras lo cual lleg\u00f3 un representante de la Secretar\u00eda de Gobierno, quien les ofreci\u00f3 una en\u00e9sima mesa de trabajo.<\/p>\n","protected":false},"excerpt":{"rendered":"<p>Yuridiana Sosa\/Zona Roja.&nbsp; Oaxaca de Ju\u00e1rez, Oax., a 24 de noviembre de 2023.- Proveedores de&hellip;<\/p>\n","protected":false},"author":2,"featured_media":62459,"comment_status":"closed","ping_status":"open","sticky":false,"template":"","format":"standard","meta":{"_lmt_disableupdate":"","_lmt_disable":"","_jetpack_memberships_contains_paid_content":false,"footnotes":""},"categories":[109,47],"tags":[],"class_list":["post-62458","post","type-post","status-publish","format-standard","has-post-thumbnail","hentry","category-minuto-a-minuto","category-zona-gris"],"jetpack_featured_media_url":"https:\/\/zonaroja.com.mx\/wp-content\/uploads\/2023\/11\/Protesta-proveedores-de-uniformes.jpg","jetpack_sharing_enabled":true,"_links":{"self":[{"href":"https:\/\/zonaroja.com.mx\/index.php?rest_route=\/wp\/v2\/posts\/62458","targetHints":{"allow":["GET"]}}],"collection":[{"href":"https:\/\/zonaroja.com.mx\/index.php?rest_route=\/wp\/v2\/posts"}],"about":[{"href":"https:\/\/zonaroja.com.mx\/index.php?rest_route=\/wp\/v2\/types\/post"}],"author":[{"embeddable":true,"href":"https:\/\/zonaroja.com.mx\/index.php?rest_route=\/wp\/v2\/users\/2"}],"replies":[{"embeddable":true,"href":"https:\/\/zonaroja.com.mx\/index.php?rest_route=%2Fwp%2Fv2%2Fcomments&post=62458"}],"version-history":[{"count":1,"href":"https:\/\/zonaroja.com.mx\/index.php?rest_route=\/wp\/v2\/posts\/62458\/revisions"}],"predecessor-version":[{"id":62460,"href":"https:\/\/zonaroja.com.mx\/index.php?rest_route=\/wp\/v2\/posts\/62458\/revisions\/62460"}],"wp:featuredmedia":[{"embeddable":true,"href":"https:\/\/zonaroja.com.mx\/index.php?rest_route=\/wp\/v2\/media\/62459"}],"wp:attachment":[{"href":"https:\/\/zonaroja.com.mx\/index.php?rest_route=%2Fwp%2Fv2%2Fmedia&parent=62458"}],"wp:term":[{"taxonomy":"category","embeddable":true,"href":"https:\/\/zonaroja.com.mx\/index.php?rest_route=%2Fwp%2Fv2%2Fcategories&post=62458"},{"taxonomy":"post_tag","embeddable":true,"href":"https:\/\/zonaroja.com.mx\/index.php?rest_route=%2Fwp%2Fv2%2Ftags&post=62458"}],"curies":[{"name":"wp","href":"https:\/\/api.w.org\/{rel}","templated":true}]}}