{"id":62461,"date":"2023-11-24T20:47:08","date_gmt":"2023-11-25T02:47:08","guid":{"rendered":"http:\/\/www.zonaroja.com.mx\/?p=62461"},"modified":"2023-11-24T20:47:10","modified_gmt":"2023-11-25T02:47:10","slug":"segun-el-gobierno-federal-en-oaxaca-baja-la-incidencia-delictiva","status":"publish","type":"post","link":"https:\/\/zonaroja.com.mx\/?p=62461","title":{"rendered":"Seg\u00fan el gobierno federal, en Oaxaca baja la incidencia delictiva"},"content":{"rendered":"\n<p>Redacci\u00f3n\/Zona Roja.<\/p>\n\n\n\n<p>Oaxaca de Ju\u00e1rez, Oax. 24 de noviembre de 2023.- De acuerdo con cifras del gobierno federal, en Oaxaca la incidencia delictiva va a la baja.<\/p>\n\n\n\n<p>De 2018 a 2023, el homicidio doloso ha registrado una baja de 27.5 por ciento; el robo a transporte ha disminuido 56.4%; el secuestro baj\u00f3 en un 11.1%; delitos de alto impacto disminuyeron 15.4%; el robo de veh\u00edculos en un 42.8% y el robo a casa habitaci\u00f3n en 31%.<\/p>\n\n\n\n<p>As\u00ed lo dio a conocer este viernes el secretario de la Defensa Nacional, Luis Crescencio Sandoval, en el marco de la conferencia de prensa del Presidente Andr\u00e9s Manuel L\u00f3pez Obrador en las instalaciones de la XXVIII Regi\u00f3n Militar de la Sedena, en Santa Mar\u00eda Ixcotel.<\/p>\n\n\n\n<p>\u201cHay control, no quiere decir que no haya, pero no est\u00e1 como en otros estados\u201d, asegur\u00f3 el Presidente, ante el mandatario Salom\u00f3n Jara Cruz.&nbsp;<\/p>\n\n\n\n<p>Dijo que esto es resultado de las pol\u00edticas implementadas por el gobernador Salom\u00f3n Jara, alineadas a la visi\u00f3n de la Cuarta Transformaci\u00f3n. \u201cEn esta tierra hay crecimiento y estos resultados demuestran que se est\u00e1 reduciendo la pobreza y la desigualdad social\u201d, expres\u00f3.<\/p>\n\n\n\n<p>Luis Crescencio Sandoval Gonz\u00e1lez dio a conocer que el mandatario estatal ha participado en el 93 por ciento de las reuniones de Coordinaci\u00f3n Estatal para la Construcci\u00f3n de la Paz y Seguridad, de las 246 sesiones realizadas, donde se unifican esfuerzos los tres \u00f3rdenes de gobierno.<\/p>\n\n\n\n<p>De igual forma, en el informe presentado en materia de seguridad, el titular de la Sedena afirm\u00f3 que los delitos que se han presentado hasta el mes de octubre de este a\u00f1o presentan una tendencia a la baja, de acuerdo con la media nacional.<\/p>\n\n\n\n<p>Por destacar algunos datos, en el mes de octubre se registraron \u00fanicamente tres robos en transporte y un secuestro, adem\u00e1s los delitos como robo a casa habitaci\u00f3n y robo a veh\u00edculos, se encuentran con tendencia a la baja a nivel nacional.<\/p>\n\n\n\n<p>Tambi\u00e9n se inform\u00f3 que Oaxaca ocupa el lugar 14 a nivel nacional en homicidios dolosos, y se disminuy\u00f3 un 33 por ciento las muertes violentas de mujeres.<\/p>\n\n\n\n<p>\u201cEste es el resultado de las mesas de coordinaci\u00f3n del estado donde se determinan acciones para atender los fen\u00f3menos delictivos y que al final se convierten en beneficio para la sociedad\u201d, afirm\u00f3 el secretario.<\/p>\n\n\n\n<p>De igual forma puntualiz\u00f3 que se trabajar\u00e1 en temas puntuales como el delito de extorsi\u00f3n telef\u00f3nica.<\/p>\n\n\n\n<p>Finalmente se dio a conocer que, en un operativo conjunto entre el Ej\u00e9rcito, la Secretar\u00eda de Marina y la Guardia Nacional se aseguraron cinco mil 931 kilogramos de marihuana, nueve mil 949 kilogramos de coca\u00edna, 2.4 de hero\u00edna, 69 de metanfetaminas, as\u00ed como 579 armas de fuego y mil 749 personas detenidas. &nbsp;<\/p>\n","protected":false},"excerpt":{"rendered":"<p>Redacci\u00f3n\/Zona Roja. Oaxaca de Ju\u00e1rez, Oax. 24 de noviembre de 2023.- De acuerdo con cifras&hellip;<\/p>\n","protected":false},"author":2,"featured_media":62462,"comment_status":"closed","ping_status":"open","sticky":false,"template":"","format":"standard","meta":{"_lmt_disableupdate":"","_lmt_disable":"","_jetpack_memberships_contains_paid_content":false,"footnotes":""},"categories":[109,46],"tags":[1536],"class_list":["post-62461","post","type-post","status-publish","format-standard","has-post-thumbnail","hentry","category-minuto-a-minuto","category-zona-blanca","tag-visita-andres-manuel-lopez-obrador-a-oaxaca"],"jetpack_featured_media_url":"https:\/\/zonaroja.com.mx\/wp-content\/uploads\/2023\/11\/Luis-Crescencio-Saldoval-Oaxaca.png","jetpack_sharing_enabled":true,"_links":{"self":[{"href":"https:\/\/zonaroja.com.mx\/index.php?rest_route=\/wp\/v2\/posts\/62461","targetHints":{"allow":["GET"]}}],"collection":[{"href":"https:\/\/zonaroja.com.mx\/index.php?rest_route=\/wp\/v2\/posts"}],"about":[{"href":"https:\/\/zonaroja.com.mx\/index.php?rest_route=\/wp\/v2\/types\/post"}],"author":[{"embeddable":true,"href":"https:\/\/zonaroja.com.mx\/index.php?rest_route=\/wp\/v2\/users\/2"}],"replies":[{"embeddable":true,"href":"https:\/\/zonaroja.com.mx\/index.php?rest_route=%2Fwp%2Fv2%2Fcomments&post=62461"}],"version-history":[{"count":1,"href":"https:\/\/zonaroja.com.mx\/index.php?rest_route=\/wp\/v2\/posts\/62461\/revisions"}],"predecessor-version":[{"id":62463,"href":"https:\/\/zonaroja.com.mx\/index.php?rest_route=\/wp\/v2\/posts\/62461\/revisions\/62463"}],"wp:featuredmedia":[{"embeddable":true,"href":"https:\/\/zonaroja.com.mx\/index.php?rest_route=\/wp\/v2\/media\/62462"}],"wp:attachment":[{"href":"https:\/\/zonaroja.com.mx\/index.php?rest_route=%2Fwp%2Fv2%2Fmedia&parent=62461"}],"wp:term":[{"taxonomy":"category","embeddable":true,"href":"https:\/\/zonaroja.com.mx\/index.php?rest_route=%2Fwp%2Fv2%2Fcategories&post=62461"},{"taxonomy":"post_tag","embeddable":true,"href":"https:\/\/zonaroja.com.mx\/index.php?rest_route=%2Fwp%2Fv2%2Ftags&post=62461"}],"curies":[{"name":"wp","href":"https:\/\/api.w.org\/{rel}","templated":true}]}}