{"id":62468,"date":"2023-11-24T21:10:09","date_gmt":"2023-11-25T03:10:09","guid":{"rendered":"http:\/\/www.zonaroja.com.mx\/?p=62468"},"modified":"2023-11-24T21:10:10","modified_gmt":"2023-11-25T03:10:10","slug":"indagan-crimen-de-profesora-desaparecida-y-hallada-muerta-en-la-mixteca","status":"publish","type":"post","link":"https:\/\/zonaroja.com.mx\/?p=62468","title":{"rendered":"Indagan crimen de profesora desaparecida y hallada muerta en la Mixteca"},"content":{"rendered":"\n<p>Redacci\u00f3n\/Zona Roja.<\/p>\n\n\n\n<p>Oaxaca de Ju\u00e1rez, Oax., a 24 de noviembre de 2023.- La Fiscal\u00eda General del Estado de Oaxaca indaga bajo los protocolos de feminicidio la muerte de una profesora desaparecida en la regi\u00f3n Mixteca y hallada posteriormente sin vida en un r\u00edo.<\/p>\n\n\n\n<p>Estela L. C., de 42 a\u00f1os de edad, fue reportada como no localizada desde el pasado 10 de noviembre, hace dos semanas, en el municipio de Santiago Juxtlahuaca; fue hallada sin vida el 22 de noviembre en el r\u00edo \u201cMixteco\u201d.<\/p>\n\n\n\n<p>La mujer, licenciada en Administraci\u00f3n de Empresas Agropecuarias, egresada en el a\u00f1o 2022 del Instituto Tecnol\u00f3gico de Chapingo, sali\u00f3 la tarde del viernes 10 de su domicilio, sin que se supiera posteriormente nada de su paradero.<\/p>\n\n\n\n<p>La Unidad de B\u00fasqueda de Personas Desaparecidas y No Localizadas, de la Fiscal\u00eda General, emiti\u00f3 la ficha de b\u00fasqueda correspondiente, por lo cual corporaciones policiacas y de protecci\u00f3n civil efectuaron la b\u00fasqueda.<\/p>\n\n\n\n<p>Finalmente fue el pasado mi\u00e9rcoles en que la hallaron sin vida y presumiblemente con huellas de violencia en el cuerpo; no obstante, ser\u00e1 la Fiscal\u00eda la que determine las causas de la muerte.<\/p>\n","protected":false},"excerpt":{"rendered":"<p>Redacci\u00f3n\/Zona Roja. Oaxaca de Ju\u00e1rez, Oax., a 24 de noviembre de 2023.- La Fiscal\u00eda General&hellip;<\/p>\n","protected":false},"author":2,"featured_media":62469,"comment_status":"closed","ping_status":"open","sticky":false,"template":"","format":"standard","meta":{"_lmt_disableupdate":"","_lmt_disable":"","_jetpack_memberships_contains_paid_content":false,"footnotes":""},"categories":[109,51],"tags":[826],"class_list":["post-62468","post","type-post","status-publish","format-standard","has-post-thumbnail","hentry","category-minuto-a-minuto","category-zona-roja","tag-santiago-juxtlahuaca"],"jetpack_featured_media_url":"https:\/\/zonaroja.com.mx\/wp-content\/uploads\/2023\/11\/Estela-desaparecida-Juxtlahuaca-profesora.png","jetpack_sharing_enabled":true,"_links":{"self":[{"href":"https:\/\/zonaroja.com.mx\/index.php?rest_route=\/wp\/v2\/posts\/62468","targetHints":{"allow":["GET"]}}],"collection":[{"href":"https:\/\/zonaroja.com.mx\/index.php?rest_route=\/wp\/v2\/posts"}],"about":[{"href":"https:\/\/zonaroja.com.mx\/index.php?rest_route=\/wp\/v2\/types\/post"}],"author":[{"embeddable":true,"href":"https:\/\/zonaroja.com.mx\/index.php?rest_route=\/wp\/v2\/users\/2"}],"replies":[{"embeddable":true,"href":"https:\/\/zonaroja.com.mx\/index.php?rest_route=%2Fwp%2Fv2%2Fcomments&post=62468"}],"version-history":[{"count":1,"href":"https:\/\/zonaroja.com.mx\/index.php?rest_route=\/wp\/v2\/posts\/62468\/revisions"}],"predecessor-version":[{"id":62470,"href":"https:\/\/zonaroja.com.mx\/index.php?rest_route=\/wp\/v2\/posts\/62468\/revisions\/62470"}],"wp:featuredmedia":[{"embeddable":true,"href":"https:\/\/zonaroja.com.mx\/index.php?rest_route=\/wp\/v2\/media\/62469"}],"wp:attachment":[{"href":"https:\/\/zonaroja.com.mx\/index.php?rest_route=%2Fwp%2Fv2%2Fmedia&parent=62468"}],"wp:term":[{"taxonomy":"category","embeddable":true,"href":"https:\/\/zonaroja.com.mx\/index.php?rest_route=%2Fwp%2Fv2%2Fcategories&post=62468"},{"taxonomy":"post_tag","embeddable":true,"href":"https:\/\/zonaroja.com.mx\/index.php?rest_route=%2Fwp%2Fv2%2Ftags&post=62468"}],"curies":[{"name":"wp","href":"https:\/\/api.w.org\/{rel}","templated":true}]}}