{"id":62471,"date":"2023-11-24T21:43:47","date_gmt":"2023-11-25T03:43:47","guid":{"rendered":"http:\/\/www.zonaroja.com.mx\/?p=62471"},"modified":"2023-11-24T21:43:48","modified_gmt":"2023-11-25T03:43:48","slug":"aun-sin-identificar-asesinado-a-balazos-en-la-carretera-oaxaca-istmo","status":"publish","type":"post","link":"https:\/\/zonaroja.com.mx\/?p=62471","title":{"rendered":"A\u00fan sin identificar, asesinado a balazos en la carretera Oaxaca-Istmo"},"content":{"rendered":"\n<p>Redacci\u00f3n\/Zona Roja.<\/p>\n\n\n\n<p>Oaxaca de Ju\u00e1rez, Oax., a 24 de noviembre de 2023.- En calidad de desconocida permanece a\u00fan la persona que fue asesinada a balazos la tarde de hoy, a un costado de la carretera Oaxaca-Istmo, en jurisdicci\u00f3n de Santa Maria El Tule.<\/p>\n\n\n\n<p>De acuerdo con los primeros reportes policiacos, alrededor de las 15:00 horas se escucharon detonaciones de arma de fuego en un local de alimentos, frente a la planta de almacenamiento de Pemex.<\/p>\n\n\n\n<p>Tras ello arribaron diversas corporaciones policiacas de los tres niveles de gobierno, as\u00ed como param\u00e9dicos, quienes revisaron a la v\u00edctima pero corroboraron que ya no contaba con signos vitales.<\/p>\n\n\n\n<p>Se presume que se trata del chofer de una unidad de transporte de carga pesada, quien se hallaba ingiriendo sus alimentos, cuando llegaron sujetos armados que le dispararon de manera directa.<\/p>\n\n\n\n<p>En el sitio tambi\u00e9n habr\u00eda resultado otra persona lesionada; personal de la Fiscal\u00eda General del Estado de Oaxaca arrib\u00f3 posteriormente al sitio para iniciar las indagatorias correspondientes y a\u00fan se desconoce el m\u00f3vil del crimen.<\/p>\n","protected":false},"excerpt":{"rendered":"<p>Redacci\u00f3n\/Zona Roja. Oaxaca de Ju\u00e1rez, Oax., a 24 de noviembre de 2023.- En calidad de&hellip;<\/p>\n","protected":false},"author":2,"featured_media":62464,"comment_status":"closed","ping_status":"open","sticky":false,"template":"","format":"standard","meta":{"_lmt_disableupdate":"","_lmt_disable":"","_jetpack_memberships_contains_paid_content":false,"footnotes":""},"categories":[109,51],"tags":[2031],"class_list":["post-62471","post","type-post","status-publish","format-standard","has-post-thumbnail","hentry","category-minuto-a-minuto","category-zona-roja","tag-santa-maria-el-tule"],"jetpack_featured_media_url":"https:\/\/zonaroja.com.mx\/wp-content\/uploads\/2023\/11\/Asesinado-planta-Pemex-carretera-al-Istmo.jpg","jetpack_sharing_enabled":true,"_links":{"self":[{"href":"https:\/\/zonaroja.com.mx\/index.php?rest_route=\/wp\/v2\/posts\/62471","targetHints":{"allow":["GET"]}}],"collection":[{"href":"https:\/\/zonaroja.com.mx\/index.php?rest_route=\/wp\/v2\/posts"}],"about":[{"href":"https:\/\/zonaroja.com.mx\/index.php?rest_route=\/wp\/v2\/types\/post"}],"author":[{"embeddable":true,"href":"https:\/\/zonaroja.com.mx\/index.php?rest_route=\/wp\/v2\/users\/2"}],"replies":[{"embeddable":true,"href":"https:\/\/zonaroja.com.mx\/index.php?rest_route=%2Fwp%2Fv2%2Fcomments&post=62471"}],"version-history":[{"count":1,"href":"https:\/\/zonaroja.com.mx\/index.php?rest_route=\/wp\/v2\/posts\/62471\/revisions"}],"predecessor-version":[{"id":62472,"href":"https:\/\/zonaroja.com.mx\/index.php?rest_route=\/wp\/v2\/posts\/62471\/revisions\/62472"}],"wp:featuredmedia":[{"embeddable":true,"href":"https:\/\/zonaroja.com.mx\/index.php?rest_route=\/wp\/v2\/media\/62464"}],"wp:attachment":[{"href":"https:\/\/zonaroja.com.mx\/index.php?rest_route=%2Fwp%2Fv2%2Fmedia&parent=62471"}],"wp:term":[{"taxonomy":"category","embeddable":true,"href":"https:\/\/zonaroja.com.mx\/index.php?rest_route=%2Fwp%2Fv2%2Fcategories&post=62471"},{"taxonomy":"post_tag","embeddable":true,"href":"https:\/\/zonaroja.com.mx\/index.php?rest_route=%2Fwp%2Fv2%2Ftags&post=62471"}],"curies":[{"name":"wp","href":"https:\/\/api.w.org\/{rel}","templated":true}]}}