{"id":62479,"date":"2023-11-25T11:00:00","date_gmt":"2023-11-25T17:00:00","guid":{"rendered":"http:\/\/www.zonaroja.com.mx\/?p=62479"},"modified":"2023-11-25T07:04:08","modified_gmt":"2023-11-25T13:04:08","slug":"empresarios-de-dinamarca-invertiran-10-mil-mdp-en-el-istmo","status":"publish","type":"post","link":"https:\/\/zonaroja.com.mx\/?p=62479","title":{"rendered":"Empresarios de Dinamarca invertir\u00e1n 10 mil mdp en el Istmo"},"content":{"rendered":"\n<p>Redacci\u00f3n\/Zona Roja Cdmx.<\/p>\n\n\n\n<p>Ciudad de M\u00e9xico, a 25 de noviembre de 2023.- Empresarios de Dinamarca invertir\u00e1n 10 mil millones de d\u00f3lares para producir hidr\u00f3geno verde en el corredor del Istmo de Tehuantepec, inform\u00f3 este viernes el presidente Andr\u00e9s Manuel L\u00f3pez Obrador.<\/p>\n\n\n\n<p>\u201cUn fondo financiero de Dinamarca va a invertir en ese polo de desarrollo, van a invertir 10 mil millones de d\u00f3lares porque van a producir energ\u00eda, hidr\u00f3geno verde para sustituir combustibles f\u00f3siles\u201d, adelant\u00f3 L\u00f3pez Obrador en su conferencia de prensa matutina, sin especificar el nombre de las empresas inversoras.<\/p>\n\n\n\n<p>\u201cLas embarcaciones nuevas van a moverse con hidr\u00f3geno verde y todo esto se va a producir en el Istmo, estamos hablando de la era de la no contaminaci\u00f3n y de todo lo que se est\u00e1 haciendo para evitar el cambio clim\u00e1tico\u201d, a\u00f1adi\u00f3.<\/p>\n\n\n\n<p>\u201cEst\u00e1 por firmarse este acuerdo. Ya no me va a tocar a m\u00ed ver terminada la obra, pero s\u00ed voy a dejar todo finalizado, con los convenios, todo. Esto va a ayudar mucho al Istmo\u201d, asegur\u00f3.<\/p>\n\n\n\n<p>El mandatario, por otra parte, confirm\u00f3 que en diciembre se inaugurar\u00e1 el tren Trans\u00edstmico, que ir\u00e1 de Coatzacoalcos a Salina Cruz.<\/p>\n\n\n\n<p>Agreg\u00f3 que ser\u00e1 aplazada la inauguraci\u00f3n de la autopista de Oaxaca-Puerto Escondido, que estaba planeada para el 29 de noviembre.<\/p>\n\n\n\n<p>\u201cEst\u00e1bamos por inaugurar este a\u00f1o el camino a Puerto Escondido, pero tuvimos unas fallas, se cayeron dos aludes, y ya no vamos a poder inaugurar este a\u00f1o, a m\u00e1s tardar en febrero\u201d, dijo.<\/p>\n\n\n\n<p>(Informaci\u00f3n de \u201cLa Jornada\u201d)<\/p>\n","protected":false},"excerpt":{"rendered":"<p>Redacci\u00f3n\/Zona Roja Cdmx. Ciudad de M\u00e9xico, a 25 de noviembre de 2023.- Empresarios de Dinamarca&hellip;<\/p>\n","protected":false},"author":2,"featured_media":55094,"comment_status":"closed","ping_status":"open","sticky":false,"template":"","format":"standard","meta":{"_lmt_disableupdate":"","_lmt_disable":"","_jetpack_memberships_contains_paid_content":false,"footnotes":""},"categories":[109,46],"tags":[2917,1536],"class_list":["post-62479","post","type-post","status-publish","format-standard","has-post-thumbnail","hentry","category-minuto-a-minuto","category-zona-blanca","tag-corredor-interoceanico-oaxaca","tag-visita-andres-manuel-lopez-obrador-a-oaxaca"],"jetpack_featured_media_url":"https:\/\/zonaroja.com.mx\/wp-content\/uploads\/2023\/05\/Obras-puerto-de-Salina-Cruz.jpeg","jetpack_sharing_enabled":true,"_links":{"self":[{"href":"https:\/\/zonaroja.com.mx\/index.php?rest_route=\/wp\/v2\/posts\/62479","targetHints":{"allow":["GET"]}}],"collection":[{"href":"https:\/\/zonaroja.com.mx\/index.php?rest_route=\/wp\/v2\/posts"}],"about":[{"href":"https:\/\/zonaroja.com.mx\/index.php?rest_route=\/wp\/v2\/types\/post"}],"author":[{"embeddable":true,"href":"https:\/\/zonaroja.com.mx\/index.php?rest_route=\/wp\/v2\/users\/2"}],"replies":[{"embeddable":true,"href":"https:\/\/zonaroja.com.mx\/index.php?rest_route=%2Fwp%2Fv2%2Fcomments&post=62479"}],"version-history":[{"count":1,"href":"https:\/\/zonaroja.com.mx\/index.php?rest_route=\/wp\/v2\/posts\/62479\/revisions"}],"predecessor-version":[{"id":62480,"href":"https:\/\/zonaroja.com.mx\/index.php?rest_route=\/wp\/v2\/posts\/62479\/revisions\/62480"}],"wp:featuredmedia":[{"embeddable":true,"href":"https:\/\/zonaroja.com.mx\/index.php?rest_route=\/wp\/v2\/media\/55094"}],"wp:attachment":[{"href":"https:\/\/zonaroja.com.mx\/index.php?rest_route=%2Fwp%2Fv2%2Fmedia&parent=62479"}],"wp:term":[{"taxonomy":"category","embeddable":true,"href":"https:\/\/zonaroja.com.mx\/index.php?rest_route=%2Fwp%2Fv2%2Fcategories&post=62479"},{"taxonomy":"post_tag","embeddable":true,"href":"https:\/\/zonaroja.com.mx\/index.php?rest_route=%2Fwp%2Fv2%2Ftags&post=62479"}],"curies":[{"name":"wp","href":"https:\/\/api.w.org\/{rel}","templated":true}]}}