{"id":62486,"date":"2023-11-25T12:00:00","date_gmt":"2023-11-25T18:00:00","guid":{"rendered":"http:\/\/www.zonaroja.com.mx\/?p=62486"},"modified":"2023-11-25T08:04:18","modified_gmt":"2023-11-25T14:04:18","slug":"detiene-fiscalia-a-sujeto-que-participo-en-violacion-tumultuaria-en-jalapa-de-diaz","status":"publish","type":"post","link":"https:\/\/zonaroja.com.mx\/?p=62486","title":{"rendered":"Detiene Fiscal\u00eda a sujeto que particip\u00f3 en violaci\u00f3n tumultuaria en Jalapa de D\u00edaz"},"content":{"rendered":"\n<p>Redacci\u00f3n\/Zona Roja.&nbsp;<\/p>\n\n\n\n<p>Oaxaca de Ju\u00e1rez, Oax., a 24 de noviembre de 2023.- La Fiscal\u00eda General del Estado de Oaxaca (FGEO) ejecut\u00f3 una orden de aprehensi\u00f3n en contra de la persona del sexo masculino identificada como S. A. M., alias \u201cEl Mingo\u201d, por el delito de Violaci\u00f3n Tumultuaria Agravada, cometida en contra de un adolescente en la Cuenca del Papaloapan.&nbsp;<\/p>\n\n\n\n<p>Los hechos ocurrieron el 11 de junio de 2017, cuando la v\u00edctima (un adolescente cuya identidad est\u00e1 reservada por ley) se daba un ba\u00f1o en un lugar conocido como Arroyo Venado, ubicado en San Felipe Jalapa de D\u00edaz.<\/p>\n\n\n\n<p>En el sitio antes citado, el adolescente fue atacado por personas que lo agredieron sexualmente, configur\u00e1ndose el delito de Violaci\u00f3n Tumultuaria Equiparada, por lo que se iniciaron las investigaciones al respecto.<\/p>\n\n\n\n<p>La FGEO intervino a trav\u00e9s de la Vicefiscal\u00eda Regional de la Cuenca que obtuvo una orden de aprehensi\u00f3n por este caso.&nbsp;<\/p>\n\n\n\n<p>Elementos de la Agencia Estatal de Investigaciones (AEI) localizaron al imputado y lo detuvieron en cumplimiento del mandato judicial, por lo que S. A. M., alias \u201cEl Mingo\u201d, fue llevado ante el Juez que atiende la causa quien dict\u00f3 auto de vinculaci\u00f3n a proceso, adem\u00e1s que impuso la medida cautelar de prisi\u00f3n preventiva y otorg\u00f3 dos meses para el cierre de la investigaci\u00f3n complementaria.<\/p>\n\n\n\n<p>La Fiscal\u00eda de Oaxaca pone especial atenci\u00f3n en la procuraci\u00f3n de justicia a favor de las v\u00edctimas de diferentes delitos, en especial cuando las v\u00edctimas son menores de edad, por lo que se brinda acompa\u00f1amiento integral en el proceso de procuraci\u00f3n de justicia.<\/p>\n\n\n\n<p>DISPAR\u00d3 VS. MUJER<\/p>\n\n\n\n<p>En otro caso, la Fiscal\u00eda General obtuvo un auto de vinculaci\u00f3n a proceso en contra de una persona del sexo masculino identificada por las iniciales R..H.M o R.H.M., por el delito de Lesiones Calificadas con Ventaja por hechos en los que una mujer result\u00f3 con lesiones tras una agresi\u00f3n con arma de fuego cometida en la regi\u00f3n de la Costa.<\/p>\n\n\n\n<p>De acuerdo con el expediente penal del caso, el 18 de septiembre de 2023, la v\u00edctima, una mujer identificada como L. V. M., se encontraba en calles del centro del municipio de Pinotepa de Don Luis, sitio al que arrib\u00f3 una persona, quien le dispar\u00f3 provoc\u00e1ndole al menos dos lesiones por las cuales tuvo que ser atendida en un hospital.<\/p>\n\n\n\n<p>La Fiscal\u00eda de Oaxaca tom\u00f3 conocimiento e inici\u00f3 una investigaci\u00f3n al respecto, a trav\u00e9s de la Vicefiscal\u00eda Regional de la Costa, que despleg\u00f3 a un equipo multidisciplinario el cual se hizo cargo de las labores iniciales.<\/p>\n\n\n\n<p>Como resultado de las investigaciones, la Fiscal\u00eda obtuvo una orden de aprehensi\u00f3n por la cual fue detenido R..H.M o R.H.M., quien luego de ser presentado ante el Juez, este dict\u00f3 auto de vinculaci\u00f3n a proceso por el delito de Lesiones Calificadas con Ventaja, en agravio de L. V. M., imponi\u00e9ndole prisi\u00f3n preventiva y concediendo un plazo de dos meses para el cierre de investigaci\u00f3n complementaria.<\/p>\n\n\n\n<p>La Fiscal\u00eda de Oaxaca lleva a cabo investigaciones diligentes para buscar la sanci\u00f3n de cualquier conducta criminal que afecte el tejido social en el estado, para que las v\u00edctimas tengan pleno acceso a la justicia.<\/p>\n","protected":false},"excerpt":{"rendered":"<p>Redacci\u00f3n\/Zona Roja.&nbsp; Oaxaca de Ju\u00e1rez, Oax., a 24 de noviembre de 2023.- La Fiscal\u00eda General&hellip;<\/p>\n","protected":false},"author":2,"featured_media":48536,"comment_status":"closed","ping_status":"open","sticky":false,"template":"","format":"standard","meta":{"_lmt_disableupdate":"","_lmt_disable":"","_jetpack_memberships_contains_paid_content":false,"footnotes":""},"categories":[109,46],"tags":[494],"class_list":["post-62486","post","type-post","status-publish","format-standard","has-post-thumbnail","hentry","category-minuto-a-minuto","category-zona-blanca","tag-fiscalia-general-del-estado-de-oaxaca"],"jetpack_featured_media_url":"https:\/\/zonaroja.com.mx\/wp-content\/uploads\/2022\/11\/Carcel-prision-separos-detenido-1.jpeg","jetpack_sharing_enabled":true,"_links":{"self":[{"href":"https:\/\/zonaroja.com.mx\/index.php?rest_route=\/wp\/v2\/posts\/62486","targetHints":{"allow":["GET"]}}],"collection":[{"href":"https:\/\/zonaroja.com.mx\/index.php?rest_route=\/wp\/v2\/posts"}],"about":[{"href":"https:\/\/zonaroja.com.mx\/index.php?rest_route=\/wp\/v2\/types\/post"}],"author":[{"embeddable":true,"href":"https:\/\/zonaroja.com.mx\/index.php?rest_route=\/wp\/v2\/users\/2"}],"replies":[{"embeddable":true,"href":"https:\/\/zonaroja.com.mx\/index.php?rest_route=%2Fwp%2Fv2%2Fcomments&post=62486"}],"version-history":[{"count":1,"href":"https:\/\/zonaroja.com.mx\/index.php?rest_route=\/wp\/v2\/posts\/62486\/revisions"}],"predecessor-version":[{"id":62487,"href":"https:\/\/zonaroja.com.mx\/index.php?rest_route=\/wp\/v2\/posts\/62486\/revisions\/62487"}],"wp:featuredmedia":[{"embeddable":true,"href":"https:\/\/zonaroja.com.mx\/index.php?rest_route=\/wp\/v2\/media\/48536"}],"wp:attachment":[{"href":"https:\/\/zonaroja.com.mx\/index.php?rest_route=%2Fwp%2Fv2%2Fmedia&parent=62486"}],"wp:term":[{"taxonomy":"category","embeddable":true,"href":"https:\/\/zonaroja.com.mx\/index.php?rest_route=%2Fwp%2Fv2%2Fcategories&post=62486"},{"taxonomy":"post_tag","embeddable":true,"href":"https:\/\/zonaroja.com.mx\/index.php?rest_route=%2Fwp%2Fv2%2Ftags&post=62486"}],"curies":[{"name":"wp","href":"https:\/\/api.w.org\/{rel}","templated":true}]}}