{"id":62489,"date":"2023-11-25T09:13:20","date_gmt":"2023-11-25T15:13:20","guid":{"rendered":"http:\/\/www.zonaroja.com.mx\/?p=62489"},"modified":"2023-11-25T09:13:31","modified_gmt":"2023-11-25T15:13:31","slug":"alta-incidencia-de-intolerancia-religiosa-en-lalana-oaxaca-amenazan-con-expulsar-a-familias","status":"publish","type":"post","link":"https:\/\/zonaroja.com.mx\/?p=62489","title":{"rendered":"Alta incidencia de intolerancia religiosa en Lalana, Oaxaca; amenazan con expulsar a familias"},"content":{"rendered":"\n<p>Redacci\u00f3n\/Zona Roja. <\/p>\n\n\n\n<p>Oaxaca de Ju\u00e1rez, Oax.. a 25 de noviembre de 2023.- El municipio de San Juan Lalana concentra al menos dos casos de intolerancia religiosa en los \u00faltimos cinco a\u00f1os, principalmente promovidos por las autoridades municipales que, amparados en asambleas comunitarias, utilizan como argumento sus usos y costumbres hoy conocidos como sistemas normativos internos.&nbsp;<\/p>\n\n\n\n<p>El reciente caso de San Isidro Arenal, en el que esta semana fueron encarcelados dos cristianos evang\u00e9licos y pende sobre ellos la amenaza de ser expulsados de su comunidad por el solo hecho de no ser cat\u00f3licos, no es el primero y como se comportan las autoridades municipales no parece ser el \u00faltimo.<\/p>\n\n\n\n<p>En un video que circula en redes sociales, los afectados se\u00f1alaron que a los miembros de su iglesia los detuvieron el 21 de noviembre y los liberaron al d\u00eda siguiente , sin embargo, la amenaza de expulsarlos est\u00e1 viva y por ello piden apoyo porque la acusaci\u00f3n contra ellos es porque son cristianos y la autoridad no aceptan otra religi\u00f3n que no sea la cat\u00f3lica. <\/p>\n\n\n\n<p>El agente municipal de San Isidro Arenal, del municipio de San Juan Lalana, es Alfredo Enriquez Hern\u00e1ndez &nbsp;y se ampara en la asamblea de usos y costumbres, y seg\u00fan los afectados sus hijos han padecido hostigamiento en sus escuelas ya que los se\u00f1alan de ser evang\u00e9licos.<\/p>\n\n\n\n<p>El otro caso de intolerancia ocurri\u00f3 en 2020 en la comunidad de Santiago Jalahui, donde cuatro familias fueron expulsadas de la comunidad y sus propiedades fueron confiscadas y hoy en sus terrenos se pretende construir una escuela.&nbsp;<\/p>\n\n\n\n<p>El ciudadano Modesto Velasco S\u00e1nchez inform\u00f3 que desde ese a\u00f1o tuvieron que dejar sus tierras y se fueron a vivir a otra lugar cercano, pero no pueden retornar ni por sus propiedades y su ganado y enseres fueron vendidos por la autoridad municipal y a pesar de su queja en Derechos Humanos nada ha sucedido.&nbsp;<\/p>\n\n\n\n<p>La Secretar\u00eda de Gobierno tiene conocimiento de este caso, pero poco o nada se ha avanzado en la soluci\u00f3n.<\/p>\n\n\n\n<p><\/p>\n","protected":false},"excerpt":{"rendered":"<p>Redacci\u00f3n\/Zona Roja. Oaxaca de Ju\u00e1rez, Oax.. a 25 de noviembre de 2023.- El municipio de&hellip;<\/p>\n","protected":false},"author":2,"featured_media":62448,"comment_status":"closed","ping_status":"open","sticky":false,"template":"","format":"standard","meta":{"_lmt_disableupdate":"","_lmt_disable":"","_jetpack_memberships_contains_paid_content":false,"footnotes":""},"categories":[109,47],"tags":[],"class_list":["post-62489","post","type-post","status-publish","format-standard","has-post-thumbnail","hentry","category-minuto-a-minuto","category-zona-gris"],"jetpack_featured_media_url":"https:\/\/zonaroja.com.mx\/wp-content\/uploads\/2023\/11\/Evangelicos-encarcelados-en-Lalana.jpg","jetpack_sharing_enabled":true,"_links":{"self":[{"href":"https:\/\/zonaroja.com.mx\/index.php?rest_route=\/wp\/v2\/posts\/62489","targetHints":{"allow":["GET"]}}],"collection":[{"href":"https:\/\/zonaroja.com.mx\/index.php?rest_route=\/wp\/v2\/posts"}],"about":[{"href":"https:\/\/zonaroja.com.mx\/index.php?rest_route=\/wp\/v2\/types\/post"}],"author":[{"embeddable":true,"href":"https:\/\/zonaroja.com.mx\/index.php?rest_route=\/wp\/v2\/users\/2"}],"replies":[{"embeddable":true,"href":"https:\/\/zonaroja.com.mx\/index.php?rest_route=%2Fwp%2Fv2%2Fcomments&post=62489"}],"version-history":[{"count":1,"href":"https:\/\/zonaroja.com.mx\/index.php?rest_route=\/wp\/v2\/posts\/62489\/revisions"}],"predecessor-version":[{"id":62490,"href":"https:\/\/zonaroja.com.mx\/index.php?rest_route=\/wp\/v2\/posts\/62489\/revisions\/62490"}],"wp:featuredmedia":[{"embeddable":true,"href":"https:\/\/zonaroja.com.mx\/index.php?rest_route=\/wp\/v2\/media\/62448"}],"wp:attachment":[{"href":"https:\/\/zonaroja.com.mx\/index.php?rest_route=%2Fwp%2Fv2%2Fmedia&parent=62489"}],"wp:term":[{"taxonomy":"category","embeddable":true,"href":"https:\/\/zonaroja.com.mx\/index.php?rest_route=%2Fwp%2Fv2%2Fcategories&post=62489"},{"taxonomy":"post_tag","embeddable":true,"href":"https:\/\/zonaroja.com.mx\/index.php?rest_route=%2Fwp%2Fv2%2Ftags&post=62489"}],"curies":[{"name":"wp","href":"https:\/\/api.w.org\/{rel}","templated":true}]}}