{"id":62493,"date":"2023-11-25T14:45:32","date_gmt":"2023-11-25T20:45:32","guid":{"rendered":"http:\/\/www.zonaroja.com.mx\/?p=62493"},"modified":"2023-11-25T14:45:35","modified_gmt":"2023-11-25T20:45:35","slug":"otra-masacre-por-lio-agrario-en-la-mixteca-de-oaxaca-ocho-muertos","status":"publish","type":"post","link":"https:\/\/zonaroja.com.mx\/?p=62493","title":{"rendered":"Otra masacre por l\u00edo agrario en la Mixteca de Oaxaca: ocho muertos\u00a0"},"content":{"rendered":"\n<p>Ismael Garc\u00eda M.\/Zona Roja.<\/p>\n\n\n\n<p>Oaxaca de Ju\u00e1rez, Oax., a 25 de noviembre de 2023.- A cuatro d\u00edas del asesinato de cinco personas en San Miguel El Grande, en el municipio de Magdalena Jaltepec fueron ultimadas a balazos hoy al menos ocho personas, seg\u00fan cifras preliminares.<\/p>\n\n\n\n<p>Adem\u00e1s, en el ataque armado perpetrado la ma\u00f1ana de este s\u00e1bado en el paraje \u201cLas curvas de la loma\u201d, a la altura de la localidad de Guadalupe Victoria, resultaron ilesas al menos otras cuatro personas, entre ellas dos mujeres, que fueron trasladadas a hospitales de la regi\u00f3n Mixteca.<\/p>\n\n\n\n<p>Presuntamente la agresi\u00f3n es derivada de un conflicto agrario entre Santiago Mitlatongo \u2014de donde son las v\u00edctimas de hoy\u2014 con Santa Cruz Mitlatongo, aunque hasta el momento no hay versi\u00f3n de las autoridades estatales.<\/p>\n\n\n\n<p>La emboscada fue contra una camioneta de carga y pasaje, aproximadamente a las 07:50 horas de hoy, tras lo cual arribaron autoridades municipales y auxiliares, entre ellas el s\u00edndico de Jaltepec, Manuel L\u00f3pez D\u00edaz.<\/p>\n\n\n\n<p>En la camioneta de color guinda con c\u00e1mper color blanca, del servicio p\u00fabico, hab\u00eda al menos siete cuerpos y uno m\u00e1s en el exterior, entre hombres y mujeres.<\/p>\n\n\n\n<p>En el sitio se localizaron casquillos percutidos calibre 5.56 y 7.62; personal de la Fiscal\u00eda General del Estado de Oaxaca arrib\u00f3 a la zona para iniciar las indagatorias.<\/p>\n","protected":false},"excerpt":{"rendered":"<p>Ismael Garc\u00eda M.\/Zona Roja. Oaxaca de Ju\u00e1rez, Oax., a 25 de noviembre de 2023.- A&hellip;<\/p>\n","protected":false},"author":2,"featured_media":62494,"comment_status":"closed","ping_status":"open","sticky":false,"template":"","format":"standard","meta":{"_lmt_disableupdate":"","_lmt_disable":"","_jetpack_memberships_contains_paid_content":false,"footnotes":""},"categories":[109,51],"tags":[3738],"class_list":["post-62493","post","type-post","status-publish","format-standard","has-post-thumbnail","hentry","category-minuto-a-minuto","category-zona-roja","tag-magdalena-jaltepec"],"jetpack_featured_media_url":"https:\/\/zonaroja.com.mx\/wp-content\/uploads\/2023\/11\/Masacre-Mitlatongo-Jaltepec-Oaxaca.jpg","jetpack_sharing_enabled":true,"_links":{"self":[{"href":"https:\/\/zonaroja.com.mx\/index.php?rest_route=\/wp\/v2\/posts\/62493","targetHints":{"allow":["GET"]}}],"collection":[{"href":"https:\/\/zonaroja.com.mx\/index.php?rest_route=\/wp\/v2\/posts"}],"about":[{"href":"https:\/\/zonaroja.com.mx\/index.php?rest_route=\/wp\/v2\/types\/post"}],"author":[{"embeddable":true,"href":"https:\/\/zonaroja.com.mx\/index.php?rest_route=\/wp\/v2\/users\/2"}],"replies":[{"embeddable":true,"href":"https:\/\/zonaroja.com.mx\/index.php?rest_route=%2Fwp%2Fv2%2Fcomments&post=62493"}],"version-history":[{"count":1,"href":"https:\/\/zonaroja.com.mx\/index.php?rest_route=\/wp\/v2\/posts\/62493\/revisions"}],"predecessor-version":[{"id":62495,"href":"https:\/\/zonaroja.com.mx\/index.php?rest_route=\/wp\/v2\/posts\/62493\/revisions\/62495"}],"wp:featuredmedia":[{"embeddable":true,"href":"https:\/\/zonaroja.com.mx\/index.php?rest_route=\/wp\/v2\/media\/62494"}],"wp:attachment":[{"href":"https:\/\/zonaroja.com.mx\/index.php?rest_route=%2Fwp%2Fv2%2Fmedia&parent=62493"}],"wp:term":[{"taxonomy":"category","embeddable":true,"href":"https:\/\/zonaroja.com.mx\/index.php?rest_route=%2Fwp%2Fv2%2Fcategories&post=62493"},{"taxonomy":"post_tag","embeddable":true,"href":"https:\/\/zonaroja.com.mx\/index.php?rest_route=%2Fwp%2Fv2%2Ftags&post=62493"}],"curies":[{"name":"wp","href":"https:\/\/api.w.org\/{rel}","templated":true}]}}