{"id":62498,"date":"2023-11-25T18:09:00","date_gmt":"2023-11-26T00:09:00","guid":{"rendered":"http:\/\/www.zonaroja.com.mx\/?p=62498"},"modified":"2023-11-25T15:17:09","modified_gmt":"2023-11-25T21:17:09","slug":"emite-la-cndh-recomendacion-212-2023-para-el-rescate-del-rio-mixteco","status":"publish","type":"post","link":"https:\/\/zonaroja.com.mx\/?p=62498","title":{"rendered":"Emite la CNDH recomendaci\u00f3n 212\/2023 para el rescate del r\u00edo \u201cMixteco\u201d"},"content":{"rendered":"\n<p>Redacci\u00f3n\/Zona Roja.<\/p>\n\n\n\n<p>Oaxaca de Ju\u00e1rez, Oax., a 25 de noviembre de 2023.- En atenci\u00f3n a la queja presentada por Litigio Estrat\u00e9gico Ind\u00edgena y la persona ind\u00edgena Mar\u00eda Anabel Mart\u00ednez Villavicencio, la Comisi\u00f3n Nacional de los Derechos Humanos (CNDH) hizo una investigaci\u00f3n in situ y el d\u00eda 15 de noviembre de 2023 emiti\u00f3 la recomendaci\u00f3n 212\/2023 a la Comisi\u00f3n Nacional del Agua y al municipio de Santiago Juxtlahuaca, para el rescate de r\u00edo \u201cMixteco\u201d.<\/p>\n\n\n\n<p>La maestra Rosario Piedra Ibarra, presidenta de la CNDH indic\u00f3 en la recomendaci\u00f3n que orden\u00f3 a las visitadoras de la Sexta Visitadur\u00eda de ese organismo defensor de derechos humanos, acudir de manera personal y recorrer las m\u00e1rgenes del r\u00edo y constatar de manera directa la contaminaci\u00f3n del afluente mixteco.<\/p>\n\n\n\n<p>La CNDH constat\u00f3 la fuerte contaminaci\u00f3n de coliformes fecales e hizo constar que la Comisi\u00f3n Nacional del Agua y el municipio de Santiago Juxtlahuaca han violado el derecho humano a un medio ambiente sano de los habitantes de ese municipio:<\/p>\n\n\n\n<p>\u201cLa informaci\u00f3n y evidencias que obran en el expediente y que han sido analizadas acreditan la responsabilidad institucional (de la Conagua) por violaciones a los derechos humanos al saneamiento al agua y a un medio ambiente, para la poblaci\u00f3n que habita y transita en las inmediaciones del r\u00edo \u2018Mixteco\u2019 en el estado de Oaxaca, puesto que su actuaci\u00f3n no se apeg\u00f3 a los lineamientos exigidos constitucional y convencionalmente.\u201d<\/p>\n\n\n\n<p>Y que \u201clas omisiones en la prestaci\u00f3n de los servicios de saneamiento del agua y de gesti\u00f3n de los residuos s\u00f3lidos urbanos y de manejo especial, por parte de la autoridad municipal (de Santiago Juxtlahuaca, Oaxaca) han comprometido la calidad del agua del r\u00edo \u2018Mixteco\u2019, con afectaciones directas a un medio ambiente sano, y con el consiguiente riesgo de contaminaci\u00f3n de los acu\u00edferos de d\u00f3nde se alimentan los pozos de abastecimiento de agua&nbsp; potable de las poblaciones asentadas de forma contigua y pr\u00f3xima al cauce de dicho cuerpo de agua, en agravio del bienestar y la salud de la poblaci\u00f3n\u201d.<\/p>\n\n\n\n<p>Al no haber instalado una planta de tratamiento de aguas residuales y permitir que la materia fecal fuera desechada directamente en el r\u00edo, por tal motivo emiti\u00f3 la recomendaci\u00f3n dirigida a la Comisi\u00f3n Nacional del Agua y al presidente municipal de Santiago Juxtlahuaca, Oaxaca.<\/p>\n\n\n\n<p>Es importante indicar que la quejosa Anabel Mart\u00ednez Villavicencio, es una persona ind\u00edgena de la comunidad mixteca quien desde hace 40 a\u00f1os vive en Santiago Juxtlahuaca y ha observado el constante deterioro del r\u00edo \u201cMixteco\u201d, por la contaminaci\u00f3n de materia fecal, residuos de los rastros, restos de aves de corral y basura que se deposita directamente en el r\u00edo y se ha preocupado por la contaminaci\u00f3n del r\u00edo Mixteco.<\/p>\n\n\n\n<p>Ante esa situaci\u00f3n decidi\u00f3 acudir a Litigio Estrat\u00e9gico Ind\u00edgena A.C.,&nbsp;asociaci\u00f3n civil que respald\u00f3 su lucha y dio cauce jur\u00eddico al clamor de los habitantes de Santiago Juxtlahuaca quienes desde hace varios a\u00f1os han pedido a las autoridades municipales que construyan una planta de tratamiento de aguas residuales.<\/p>\n\n\n\n<p>Al ser entrevistado Carlos Morales S\u00e1nchez, presidente de Litigio Estrat\u00e9gico Ind\u00edgena indic\u00f3 que tanto la Conagua y el municipio de Santiago Juxtlahuaca, deber\u00e1n dar cumplimiento de la recomendaci\u00f3n y ejecutar un plan integral de rescate y protecci\u00f3n del r\u00edo \u201cMixteco\u201d.<\/p>\n","protected":false},"excerpt":{"rendered":"<p>Redacci\u00f3n\/Zona Roja. Oaxaca de Ju\u00e1rez, Oax., a 25 de noviembre de 2023.- En atenci\u00f3n a&hellip;<\/p>\n","protected":false},"author":2,"featured_media":62500,"comment_status":"closed","ping_status":"open","sticky":false,"template":"","format":"standard","meta":{"_lmt_disableupdate":"","_lmt_disable":"","_jetpack_memberships_contains_paid_content":false,"footnotes":""},"categories":[109,46],"tags":[897],"class_list":["post-62498","post","type-post","status-publish","format-standard","has-post-thumbnail","hentry","category-minuto-a-minuto","category-zona-blanca","tag-litigio-estrategico-indigena"],"jetpack_featured_media_url":"https:\/\/zonaroja.com.mx\/wp-content\/uploads\/2023\/11\/rio-mixteco-contaminacion.jpg","jetpack_sharing_enabled":true,"_links":{"self":[{"href":"https:\/\/zonaroja.com.mx\/index.php?rest_route=\/wp\/v2\/posts\/62498","targetHints":{"allow":["GET"]}}],"collection":[{"href":"https:\/\/zonaroja.com.mx\/index.php?rest_route=\/wp\/v2\/posts"}],"about":[{"href":"https:\/\/zonaroja.com.mx\/index.php?rest_route=\/wp\/v2\/types\/post"}],"author":[{"embeddable":true,"href":"https:\/\/zonaroja.com.mx\/index.php?rest_route=\/wp\/v2\/users\/2"}],"replies":[{"embeddable":true,"href":"https:\/\/zonaroja.com.mx\/index.php?rest_route=%2Fwp%2Fv2%2Fcomments&post=62498"}],"version-history":[{"count":1,"href":"https:\/\/zonaroja.com.mx\/index.php?rest_route=\/wp\/v2\/posts\/62498\/revisions"}],"predecessor-version":[{"id":62501,"href":"https:\/\/zonaroja.com.mx\/index.php?rest_route=\/wp\/v2\/posts\/62498\/revisions\/62501"}],"wp:featuredmedia":[{"embeddable":true,"href":"https:\/\/zonaroja.com.mx\/index.php?rest_route=\/wp\/v2\/media\/62500"}],"wp:attachment":[{"href":"https:\/\/zonaroja.com.mx\/index.php?rest_route=%2Fwp%2Fv2%2Fmedia&parent=62498"}],"wp:term":[{"taxonomy":"category","embeddable":true,"href":"https:\/\/zonaroja.com.mx\/index.php?rest_route=%2Fwp%2Fv2%2Fcategories&post=62498"},{"taxonomy":"post_tag","embeddable":true,"href":"https:\/\/zonaroja.com.mx\/index.php?rest_route=%2Fwp%2Fv2%2Ftags&post=62498"}],"curies":[{"name":"wp","href":"https:\/\/api.w.org\/{rel}","templated":true}]}}