{"id":62502,"date":"2023-11-25T21:04:56","date_gmt":"2023-11-26T03:04:56","guid":{"rendered":"http:\/\/www.zonaroja.com.mx\/?p=62502"},"modified":"2023-11-25T21:05:00","modified_gmt":"2023-11-26T03:05:00","slug":"son-nueve-asesinados-y-cuatro-heridos-originarios-de-santiago-mitlatongo","status":"publish","type":"post","link":"https:\/\/zonaroja.com.mx\/?p=62502","title":{"rendered":"Son nueve asesinados y cuatro heridos, originarios de Santiago Mitlatongo"},"content":{"rendered":"\n<p>Redacci\u00f3n\/Zona Roja.<\/p>\n\n\n\n<p>Oaxaca de Ju\u00e1rez, Oax., a 25 de noviembre de 2023.- A nueve personas asesinadas y cuatro lesionadas ascendi\u00f3 el saldo de la masacre perpetrada hoy en la regi\u00f3n Mixteca, confirm\u00f3 la Fiscal\u00eda General del Estado de Oaxaca.<\/p>\n\n\n\n<p>En un comunicado, dio a conocer que despleg\u00f3 un equipo multidisciplinario a la agencia de Guadalupe Victoria, del municipio de Magdalena Jaltepec, lugar en donde se registr\u00f3 una emboscada&nbsp;<\/p>\n\n\n\n<p>Indic\u00f3 que, de acuerdo con las primeras investigaciones, las v\u00edctimas partieron de Santiago Mitlatongo alrededor de las seis de la ma\u00f1ana de este s\u00e1bado 25 de noviembre, con destino a Asunci\u00f3n Nochixtl\u00e1n en una camioneta pasajera, y, en inmediaciones de la agencia Guadalupe Victoria fueron atacadas con armas de fuego.<\/p>\n\n\n\n<p>Lo anterior provoc\u00f3 que nueve personas en proceso de identificaci\u00f3n, perdieran la vida en el lugar, mientras que otras cuatro \u2014tres de ellas mujeres C.L.L, V.L.B., E.L.L y un hombre D.S.B.\u2014 resultaron lesionadas, por lo que fueron trasladadas a un hospital de la zona.<\/p>\n\n\n\n<p>Detall\u00f3 que al tener conocimiento de los hechos, la FGEO envi\u00f3 personal especializado para recabar datos y llevar a cabo el procesamiento del lugar, as\u00ed como efectuar las diligencias periciales correspondientes y el levantamiento de los cuerpos.<\/p>\n\n\n\n<p>\u201cLa Fiscal\u00eda de Oaxaca refrenda su compromiso de que este acto no quede impune y llevar a cabo las investigaciones para dar con el paradero de las personas responsables de estos hechos, pues lesionan profundamente el tejido social.<\/p>\n\n\n\n<p>As\u00ed tambi\u00e9n, hace un llamado a las comunidades a establecer el di\u00e1logo como el \u00fanico camino para dirimir los conflictos, pues los agravios entre comunidades no abonan a la resoluci\u00f3n de las problem\u00e1ticas, por el contrario, contribuye al encono, ante lo cual resulta fundamental anteponer los intereses colectivos y comunitarios para la paz\u201d, expuso en su comunicado.<\/p>\n\n\n\n<p>CONFLICTO AGRARIO, EL ORIGEN<\/p>\n\n\n\n<p>Por su parte, el secretario de Gobierno Jes\u00fas Romero L\u00f3pez expres\u00f3 que la Fiscal\u00eda General del Estado de Oaxaca (FGEO) investiga el ataque armado perpetrado la ma\u00f1ana de este s\u00e1bado en el paraje Guadalupe Victoria de la agencia Santiago Mitlatongo, municipio de Magdalena Jaltepec, Distrito de Nochixtl\u00e1n.<\/p>\n\n\n\n<p>En un comunicado de prensa, precis\u00f3 que resultado del ataque, nueve personas perdieron la vida y cuatro resultaron lesionadas, quienes fueron trasladadas al Hospital B\u00e1sico Comunitario de Asunci\u00f3n Nochixtl\u00e1n para su atenci\u00f3n m\u00e9dica.<\/p>\n\n\n\n<p>Indic\u00f3 que, ante este hecho, el gobernador Salom\u00f3n Jara Cruz gir\u00f3 instrucciones para reforzar inmediatamente la vigilancia de esta zona.<\/p>\n\n\n\n<p>Record\u00f3 que Santiago Mitlatongo mantiene un conflicto agrario con Santa Cruz Mitlatongo, disputa que est\u00e1 radicada en el Tribunal Unitario Agrario del Distrito 46 con sede en Huajuapan de Le\u00f3n y que data de hace m\u00e1s de un cuarto de siglo.<\/p>\n\n\n\n<p>Revel\u00f3 que recientemente se registr\u00f3 en la zona un incidente que llam\u00f3 la atenci\u00f3n de las autoridades agrarias y municipales, as\u00ed como del Gobierno del Estado, que fue el crimen de dos personas en los l\u00edmites de Santiago Mitlatongo con Santa Cruz Mitlatongo, quienes no eran originarias de la regi\u00f3n y que despu\u00e9s de asesinadas fueron calcinadas.<\/p>\n\n\n\n<p>El funcionario puntualiz\u00f3 que ha recibido y dialogado con ambas partes para buscar a trav\u00e9s de la Junta de Conciliaci\u00f3n Agraria y los mecanismos del di\u00e1logo una soluci\u00f3n a la disputa agraria.<\/p>\n\n\n\n<p>Dijo que hace unas semanas se present\u00f3 Santiago Mitlatongo con una propuesta formal de su asamblea en cuanto a c\u00f3mo concluir el conflicto agrario, en la que se plante\u00f3 el reparto de los dos pol\u00edgonos en disputa.&nbsp;<\/p>\n\n\n\n<p>Posteriormente se dialog\u00f3 con Santa Cruz Mitlatongo, comunidad que consider\u00f3 que cualquier propuesta de reinicio de pacificaci\u00f3n tendr\u00eda que ser avalada por la asamblea, porque consideraron que el conflicto agrario estaba concluido en funci\u00f3n de que los tribunales le hab\u00edan dado una sentencia favorable, detall\u00f3.<\/p>\n\n\n\n<p>Inform\u00f3 que en el encuentro se conmin\u00f3 a Santa Cruz Mitlatongo a dialogar, pero en este contexto ocurri\u00f3 el ataque armado y el homicidio y quema de los restos humanos de un par de personas, adem\u00e1s de que se tienen documentadas algunas agresiones como disparos en la zona de conflicto.<\/p>\n\n\n\n<p>Romero L\u00f3pez manifest\u00f3 que personal de la Fiscal\u00eda local est\u00e1 en el lugar, as\u00ed como elementos de la Polic\u00eda Estatal.<\/p>\n\n\n\n<p>Asever\u00f3 que hoy en d\u00eda la conflictividad agraria de Oaxaca no solo radica en la disputa del territorio, pues se detectaron otros factores que est\u00e1n orientando estos enfrentamientos, sobre todo cuando hay armas de uso exclusivo del Ej\u00e9rcito y de calibres superiores a los de las Fuerzas Armadas, o como el hecho de que hayan aparecido dos personas calcinadas, que nada tiene que ver con un conflicto agrario.<\/p>\n\n\n\n<p>Reiter\u00f3 que se profundizar\u00e1 la atenci\u00f3n a esta zona creando distintos mecanismos de atenci\u00f3n a la problem\u00e1tica agraria en Oaxaca. \u201cYa no es suficiente el de la buena fe y el di\u00e1logo institucional porque hay otros factores, y tenemos que trabajar con las instituciones de seguridad, con las responsables del desarrollo social y bienestar, con las que trabajan en la construcci\u00f3n de paz para hacer un planteamiento integral de resoluci\u00f3n de conflictos agrarios y sociales o que tienen fundamento en otra naturaleza\u201d.<\/p>\n","protected":false},"excerpt":{"rendered":"<p>Redacci\u00f3n\/Zona Roja. Oaxaca de Ju\u00e1rez, Oax., a 25 de noviembre de 2023.- A nueve personas&hellip;<\/p>\n","protected":false},"author":2,"featured_media":62503,"comment_status":"closed","ping_status":"open","sticky":false,"template":"","format":"standard","meta":{"_lmt_disableupdate":"","_lmt_disable":"","_jetpack_memberships_contains_paid_content":false,"footnotes":""},"categories":[109,47],"tags":[3738,1666],"class_list":["post-62502","post","type-post","status-publish","format-standard","has-post-thumbnail","hentry","category-minuto-a-minuto","category-zona-gris","tag-magdalena-jaltepec","tag-santiago-mitlatongo"],"jetpack_featured_media_url":"https:\/\/zonaroja.com.mx\/wp-content\/uploads\/2023\/11\/Asesinados-Santiago-Mitlatongo.jpg","jetpack_sharing_enabled":true,"_links":{"self":[{"href":"https:\/\/zonaroja.com.mx\/index.php?rest_route=\/wp\/v2\/posts\/62502","targetHints":{"allow":["GET"]}}],"collection":[{"href":"https:\/\/zonaroja.com.mx\/index.php?rest_route=\/wp\/v2\/posts"}],"about":[{"href":"https:\/\/zonaroja.com.mx\/index.php?rest_route=\/wp\/v2\/types\/post"}],"author":[{"embeddable":true,"href":"https:\/\/zonaroja.com.mx\/index.php?rest_route=\/wp\/v2\/users\/2"}],"replies":[{"embeddable":true,"href":"https:\/\/zonaroja.com.mx\/index.php?rest_route=%2Fwp%2Fv2%2Fcomments&post=62502"}],"version-history":[{"count":1,"href":"https:\/\/zonaroja.com.mx\/index.php?rest_route=\/wp\/v2\/posts\/62502\/revisions"}],"predecessor-version":[{"id":62504,"href":"https:\/\/zonaroja.com.mx\/index.php?rest_route=\/wp\/v2\/posts\/62502\/revisions\/62504"}],"wp:featuredmedia":[{"embeddable":true,"href":"https:\/\/zonaroja.com.mx\/index.php?rest_route=\/wp\/v2\/media\/62503"}],"wp:attachment":[{"href":"https:\/\/zonaroja.com.mx\/index.php?rest_route=%2Fwp%2Fv2%2Fmedia&parent=62502"}],"wp:term":[{"taxonomy":"category","embeddable":true,"href":"https:\/\/zonaroja.com.mx\/index.php?rest_route=%2Fwp%2Fv2%2Fcategories&post=62502"},{"taxonomy":"post_tag","embeddable":true,"href":"https:\/\/zonaroja.com.mx\/index.php?rest_route=%2Fwp%2Fv2%2Ftags&post=62502"}],"curies":[{"name":"wp","href":"https:\/\/api.w.org\/{rel}","templated":true}]}}