{"id":62507,"date":"2023-11-26T06:39:57","date_gmt":"2023-11-26T12:39:57","guid":{"rendered":"http:\/\/www.zonaroja.com.mx\/?p=62507"},"modified":"2023-11-26T06:40:00","modified_gmt":"2023-11-26T12:40:00","slug":"ejecutan-a-dos-en-la-region-del-istmo-de-oaxaca-y-a-uno-en-la-cuenca","status":"publish","type":"post","link":"https:\/\/zonaroja.com.mx\/?p=62507","title":{"rendered":"Ejecutan a dos en la regi\u00f3n del Istmo de Oaxaca y a uno en la Cuenca"},"content":{"rendered":"\n<p>Ismael Garc\u00eda M.\/Zona Roja.<\/p>\n\n\n\n<p>Oaxaca de Ju\u00e1rez, Oax., 26 de noviembre de 2023.- Tres personas fueron asesinadas a balazos y dos m\u00e1s lesionadas, en dos ataques armados registrados en las \u00faltimas 12 horas en Oaxaca.<\/p>\n\n\n\n<p>Anoche, en jurisdicci\u00f3n de El Espinal, municipio de la regi\u00f3n del Istmo, fueron ejecutadas dos personas, que viajaban a bordo de una camioneta de redilas.<\/p>\n\n\n\n<p>El ataque se registr\u00f3 en un camino local cerca de la carretera federal Juchit\u00e1n-La Ventosa, hasta donde arribaron los familiares y se llevaron los cuerpos de las v\u00edctimas, a\u00fan no identificadas.<\/p>\n\n\n\n<p>Personal de la Vicefiscal\u00eda Regional del Istmo inici\u00f3 las indagatorias correspondientes para dar con el paradero de los responsables.<\/p>\n\n\n\n<p>EN TUXTEPEC<\/p>\n\n\n\n<p>Por otra parte, en San Juan Bautista Tuxtepec, se registr\u00f3 otro ataque armado en la colonia San Nicolas, donde fue ultimado a balazos un individuo.<\/p>\n\n\n\n<p>El crimen ocurri\u00f3 pocas horas despu\u00e9s de la visita del mandatario mexicano Andr\u00e9s Manuel L\u00f3pez Obrador a ese municipio de la regi\u00f3n de la Cuenca, colindante con el estado de Veracruz.<\/p>\n\n\n\n<p>La v\u00edctima fue identificada como \u00d3scar L. G., alias \u201cEl Chihua\u201d, al parecer propietario de un taller de reparaci\u00f3n de motocicletas, y hubo otra persona lesionada, a\u00fan no identificada; no se reporta la detenci\u00f3n de alguna personas.<\/p>\n\n\n\n<p>Y la madrugada de hoy, tambi\u00e9n en Tuxtepec, un individuo fue atacado con arma blanca, en la agencia de Benem\u00e9rito Ju\u00e1rez, por sujetos no identificados.<\/p>\n\n\n\n<p>Param\u00e9dicos hallaron el cuerpo cerca de las v\u00edas del ferrocarril y lo trasladaron a un hospital para su atenci\u00f3n m\u00e9dica; hasta el momento no se ha revelado la identidad del agredido.<\/p>\n","protected":false},"excerpt":{"rendered":"<p>Ismael Garc\u00eda M.\/Zona Roja. Oaxaca de Ju\u00e1rez, Oax., 26 de noviembre de 2023.- Tres personas&hellip;<\/p>\n","protected":false},"author":2,"featured_media":7486,"comment_status":"closed","ping_status":"open","sticky":false,"template":"","format":"standard","meta":{"_lmt_disableupdate":"","_lmt_disable":"","_jetpack_memberships_contains_paid_content":false,"footnotes":""},"categories":[109,51],"tags":[1088,118],"class_list":["post-62507","post","type-post","status-publish","format-standard","has-post-thumbnail","hentry","category-minuto-a-minuto","category-zona-roja","tag-el-espinal","tag-san-juan-bautista-tuxtepec"],"jetpack_featured_media_url":"https:\/\/zonaroja.com.mx\/wp-content\/uploads\/2020\/01\/Escena-del-crimen7.jpg","jetpack_sharing_enabled":true,"_links":{"self":[{"href":"https:\/\/zonaroja.com.mx\/index.php?rest_route=\/wp\/v2\/posts\/62507","targetHints":{"allow":["GET"]}}],"collection":[{"href":"https:\/\/zonaroja.com.mx\/index.php?rest_route=\/wp\/v2\/posts"}],"about":[{"href":"https:\/\/zonaroja.com.mx\/index.php?rest_route=\/wp\/v2\/types\/post"}],"author":[{"embeddable":true,"href":"https:\/\/zonaroja.com.mx\/index.php?rest_route=\/wp\/v2\/users\/2"}],"replies":[{"embeddable":true,"href":"https:\/\/zonaroja.com.mx\/index.php?rest_route=%2Fwp%2Fv2%2Fcomments&post=62507"}],"version-history":[{"count":1,"href":"https:\/\/zonaroja.com.mx\/index.php?rest_route=\/wp\/v2\/posts\/62507\/revisions"}],"predecessor-version":[{"id":62508,"href":"https:\/\/zonaroja.com.mx\/index.php?rest_route=\/wp\/v2\/posts\/62507\/revisions\/62508"}],"wp:featuredmedia":[{"embeddable":true,"href":"https:\/\/zonaroja.com.mx\/index.php?rest_route=\/wp\/v2\/media\/7486"}],"wp:attachment":[{"href":"https:\/\/zonaroja.com.mx\/index.php?rest_route=%2Fwp%2Fv2%2Fmedia&parent=62507"}],"wp:term":[{"taxonomy":"category","embeddable":true,"href":"https:\/\/zonaroja.com.mx\/index.php?rest_route=%2Fwp%2Fv2%2Fcategories&post=62507"},{"taxonomy":"post_tag","embeddable":true,"href":"https:\/\/zonaroja.com.mx\/index.php?rest_route=%2Fwp%2Fv2%2Ftags&post=62507"}],"curies":[{"name":"wp","href":"https:\/\/api.w.org\/{rel}","templated":true}]}}