{"id":62516,"date":"2023-11-26T13:18:00","date_gmt":"2023-11-26T19:18:00","guid":{"rendered":"http:\/\/www.zonaroja.com.mx\/?p=62516"},"modified":"2023-11-26T09:06:01","modified_gmt":"2023-11-26T15:06:01","slug":"firman-convenio-poder-judicial-de-oaxaca-y-la-uabjo","status":"publish","type":"post","link":"https:\/\/zonaroja.com.mx\/?p=62516","title":{"rendered":"Firman convenio\u00a0Poder Judicial\u00a0de Oaxaca y\u00a0la UABJO"},"content":{"rendered":"\n<p>Redacci\u00f3n\/Zona Roja.<\/p>\n\n\n\n<p>Oaxaca de Ju\u00e1rez, Oax., a 26 de noviembre de 2023.- El&nbsp;titular del&nbsp;Poder Judicial del Estado, magistrado Eduardo Pinacho S\u00e1nchez&nbsp;y&nbsp;el rector de&nbsp;la Universidad&nbsp;Aut\u00f3noma \u00abBenito Ju\u00e1rez\u00bb de Oaxaca&nbsp;(UABJO),&nbsp;Cristian \u00c9der Carre\u00f1o L\u00f3pez,&nbsp;formalizaron un&nbsp;Convenio de Colaboraci\u00f3n, en una alianza estrat\u00e9gica para difundir a trav\u00e9s de Radio Universidad la labor jur\u00eddica,&nbsp;compartir temas de actualidad&nbsp;en esta materia y&nbsp;de inter\u00e9s para la sociedad sobre el sistema de justicia.&nbsp;<\/p>\n\n\n\n<p>Con casi&nbsp;de 60 a\u00f1os de funcionamiento, actualmente en la frecuencia&nbsp;91.5&nbsp;FM,&nbsp;Radio Universidad,&nbsp;como medio de comunicaci\u00f3n alternativo,&nbsp;intercultural, plural e incluyente,&nbsp;es un espacio donde convergen distintas expresiones,&nbsp;siempre con proximidad a las causas sociales&nbsp;y fomentando un&nbsp;di\u00e1logo con la sociedad&nbsp;oaxaque\u00f1a.<\/p>\n\n\n\n<p>Durante su intervenci\u00f3n, el&nbsp;Magistrado Presidente&nbsp;destac\u00f3 que este v\u00ednculo es muy importante; adem\u00e1s de que la instituci\u00f3n tiene la obligaci\u00f3n de seguir formando a servidores judiciales, con una visi\u00f3n humanista, para garantizar a las personas un efectivo acceso a la justicia y una atenci\u00f3n de calidad.&nbsp;<\/p>\n\n\n\n<p>Por ello, celebr\u00f3 la firma del Convenio de Colaboraci\u00f3n que adem\u00e1s de apoyar en tareas de difusi\u00f3n institucional, contenidos de car\u00e1cter educativo y cultural&nbsp;para los programas y noticiarios radiof\u00f3nicos, permitir\u00e1 la organizaci\u00f3n y realizaci\u00f3n de actividades&nbsp;acad\u00e9micas&nbsp;en temas jur\u00eddicos&nbsp;y el&nbsp;intercambio de buenas pr\u00e1cticas&nbsp;como la Maestr\u00eda en Derecho Judicial.&nbsp;<\/p>\n\n\n\n<p>A su vez, el rector de la UABJO, quien estuvo acompa\u00f1ado por el director de Radio Universidad, Maylo G\u00f3mez Aguilar,&nbsp;indic\u00f3&nbsp;es necesario que la voz de los universitarios pueda ser escuchada al igual que la de la ciudadan\u00eda y desde la impartici\u00f3n de justicia hay un trabajo importante a desarrollar.<\/p>\n\n\n\n<p>Estuvieron presentes tambi\u00e9n en el acto protocolario el director de la Escuela Judicial, H\u00e9ctor Humberto V\u00e1squez Quevedo y la directora del Centro de Justicia Alternativa, Betzzaida Cruz Mendoza, as\u00ed como representantes de otras instituciones&nbsp;como la&nbsp;Secretar\u00eda de Interculturalidad, Pueblos y Comunidades Ind\u00edgenas y Afromexicanas, la Casa de la Cultura y&nbsp;el&nbsp;Comit\u00e9 de Participaci\u00f3n Ciudadana del Sistema Estatal de Combate a la Corrupci\u00f3n,&nbsp;que han establecido sinergias con&nbsp;la Universidad.&nbsp;<\/p>\n","protected":false},"excerpt":{"rendered":"<p>Redacci\u00f3n\/Zona Roja. Oaxaca de Ju\u00e1rez, Oax., a 26 de noviembre de 2023.- El&nbsp;titular del&nbsp;Poder Judicial&hellip;<\/p>\n","protected":false},"author":2,"featured_media":62517,"comment_status":"closed","ping_status":"open","sticky":false,"template":"","format":"standard","meta":{"_lmt_disableupdate":"","_lmt_disable":"","_jetpack_memberships_contains_paid_content":false,"footnotes":""},"categories":[109,46],"tags":[223],"class_list":["post-62516","post","type-post","status-publish","format-standard","has-post-thumbnail","hentry","category-minuto-a-minuto","category-zona-blanca","tag-poder-judicial-de-oaxaca"],"jetpack_featured_media_url":"https:\/\/zonaroja.com.mx\/wp-content\/uploads\/2023\/11\/Convenio-Poder-Judicial-y-UABJO.jpeg","jetpack_sharing_enabled":true,"_links":{"self":[{"href":"https:\/\/zonaroja.com.mx\/index.php?rest_route=\/wp\/v2\/posts\/62516","targetHints":{"allow":["GET"]}}],"collection":[{"href":"https:\/\/zonaroja.com.mx\/index.php?rest_route=\/wp\/v2\/posts"}],"about":[{"href":"https:\/\/zonaroja.com.mx\/index.php?rest_route=\/wp\/v2\/types\/post"}],"author":[{"embeddable":true,"href":"https:\/\/zonaroja.com.mx\/index.php?rest_route=\/wp\/v2\/users\/2"}],"replies":[{"embeddable":true,"href":"https:\/\/zonaroja.com.mx\/index.php?rest_route=%2Fwp%2Fv2%2Fcomments&post=62516"}],"version-history":[{"count":1,"href":"https:\/\/zonaroja.com.mx\/index.php?rest_route=\/wp\/v2\/posts\/62516\/revisions"}],"predecessor-version":[{"id":62518,"href":"https:\/\/zonaroja.com.mx\/index.php?rest_route=\/wp\/v2\/posts\/62516\/revisions\/62518"}],"wp:featuredmedia":[{"embeddable":true,"href":"https:\/\/zonaroja.com.mx\/index.php?rest_route=\/wp\/v2\/media\/62517"}],"wp:attachment":[{"href":"https:\/\/zonaroja.com.mx\/index.php?rest_route=%2Fwp%2Fv2%2Fmedia&parent=62516"}],"wp:term":[{"taxonomy":"category","embeddable":true,"href":"https:\/\/zonaroja.com.mx\/index.php?rest_route=%2Fwp%2Fv2%2Fcategories&post=62516"},{"taxonomy":"post_tag","embeddable":true,"href":"https:\/\/zonaroja.com.mx\/index.php?rest_route=%2Fwp%2Fv2%2Ftags&post=62516"}],"curies":[{"name":"wp","href":"https:\/\/api.w.org\/{rel}","templated":true}]}}