{"id":6252,"date":"2019-12-01T15:34:19","date_gmt":"2019-12-01T21:34:19","guid":{"rendered":"http:\/\/www.zonaroja.com.mx\/?p=6252"},"modified":"2019-12-01T15:34:23","modified_gmt":"2019-12-01T21:34:23","slug":"ataca-otra-vez-gobierno-a-yaitepec-con-gas-lacrimogeno-desde-helicoptero","status":"publish","type":"post","link":"https:\/\/zonaroja.com.mx\/?p=6252","title":{"rendered":"Ataca otra vez gobierno a Yaitepec con gas lacrim\u00f3geno desde helic\u00f3ptero"},"content":{"rendered":"\n<p>Redacci\u00f3n\/Zona Roja.<\/p>\n\n\n\n<p>Oaxaca de Ju\u00e1rez, Oax., 1 de diciembre\nde 2019.- Por segundo d\u00eda, la Polic\u00eda Estatal de la Secretar\u00eda de Seguridad\nP\u00fablica de Oaxaca y la Guardia Nacional atacaron con gas lacrim\u00f3geno a\nhabitantes de Santiago Yaitepec. <\/p>\n\n\n\n<p>Arrojados desde un helic\u00f3ptero, los habitantes de la localidad Paraje R\u00edo Manteca fueron retirados de manera violenta del sitio en que bloqueaban desde ayer &#8211;tras la incursi\u00f3n policiaca a \u201cEl Pedimento\u201d&#8211;.<\/p>\n\n\n\n<figure class=\"wp-block-embed\"><div class=\"wp-block-embed__wrapper\">\n<div class=\"twitter-tweet\"><blockquote class=\"twitter-tweet\" data-lang=\"es\"><p lang=\"es\" dir=\"ltr\"><a href=\"https:\/\/twitter.com\/hashtag\/OaxacaRojo?src=hash&amp;ref_src=twsrc%5Etfw\">#OaxacaRojo<\/a><br>Este es otro momento del ataque policiaco con varios cartuchos de gas lacrim\u00f3geno, arrojados contra ind\u00edgenas chatinos de Santiago Yaitepec desde un helic\u00f3ptero, para recuperar por la fuerza el Paraje R\u00edo Manteca.<a href=\"https:\/\/twitter.com\/julioastillero?ref_src=twsrc%5Etfw\">@julioastillero<\/a> <a href=\"https:\/\/twitter.com\/Fridaguerrera?ref_src=twsrc%5Etfw\">@Fridaguerrera<\/a> <a href=\"https:\/\/twitter.com\/CNDH?ref_src=twsrc%5Etfw\">@CNDH<\/a> <a href=\"https:\/\/twitter.com\/DDHPO?ref_src=twsrc%5Etfw\">@DDHPO<\/a> <a href=\"https:\/\/twitter.com\/ELPINERO?ref_src=twsrc%5Etfw\">@ELPINERO<\/a> <a href=\"https:\/\/t.co\/wcw0EpFCKW\">pic.twitter.com\/wcw0EpFCKW<\/a><\/p>&mdash; Zona Roja Oaxaca (@MexRoja) <a href=\"https:\/\/twitter.com\/MexRoja\/status\/1201249975243403265?ref_src=twsrc%5Etfw\">1 de diciembre de 2019<\/a><\/blockquote><\/div>\n<\/div><\/figure>\n\n\n\n<p>Tras ello, el Gobierno del Estado\ndifundi\u00f3 a trav\u00e9s de sus allegados manejar la versi\u00f3n de que sin violencia se\nhab\u00eda recuperado dicho sitio y por lo tanto hab\u00eda acceso libre en la carretera\nque conduce hacia Santa Catarina Juquila.<\/p>\n\n\n\n<p>Sin embargo, los pobladores de\nYaitepec, en su mayor\u00eda mujeres, ind\u00edgenas chatinas que hablan o entienden poco\nel espa\u00f1ol, denunciaron los hechos de violencia.<\/p>\n\n\n\n<p>Hasta el momento no hay reporte de personas lesionadas o detenidas por esos hechos. <\/p>\n\n\n\n<figure class=\"wp-block-embed-twitter wp-block-embed is-type-rich is-provider-twitter\"><div class=\"wp-block-embed__wrapper\">\n<div class=\"twitter-tweet\"><blockquote class=\"twitter-tweet\" data-lang=\"es\"><p lang=\"es\" dir=\"ltr\"><a href=\"https:\/\/twitter.com\/hashtag\/OaxacaRojo?src=hash&amp;ref_src=twsrc%5Etfw\">#OaxacaRojo<\/a><br>Segundo d\u00eda de ataque de <a href=\"https:\/\/twitter.com\/SSP_GobOax?ref_src=twsrc%5Etfw\">@SSP_GobOax<\/a> <a href=\"https:\/\/twitter.com\/Policia_GobOax?ref_src=twsrc%5Etfw\">@Policia_GobOax<\/a> y <a href=\"https:\/\/twitter.com\/GN_MEXICO_?ref_src=twsrc%5Etfw\">@GN_MEXICO_<\/a> a Santiago Yaitepec; desde helic\u00f3ptero arrojan gas lacrim\u00f3geno en comunidad Paraje R\u00edo Manteca para despejar v\u00eda a <a href=\"https:\/\/twitter.com\/hashtag\/Juquila?src=hash&amp;ref_src=twsrc%5Etfw\">#Juquila<\/a>. <a href=\"https:\/\/twitter.com\/julioastillero?ref_src=twsrc%5Etfw\">@julioastillero<\/a> <a href=\"https:\/\/twitter.com\/AristeguiOnline?ref_src=twsrc%5Etfw\">@AristeguiOnline<\/a> <a href=\"https:\/\/twitter.com\/DDHPO?ref_src=twsrc%5Etfw\">@DDHPO<\/a> <a href=\"https:\/\/twitter.com\/CNDH?ref_src=twsrc%5Etfw\">@CNDH<\/a> <a href=\"https:\/\/twitter.com\/SinEmbargoMX?ref_src=twsrc%5Etfw\">@SinEmbargoMX<\/a> <a href=\"https:\/\/twitter.com\/ELPINERO?ref_src=twsrc%5Etfw\">@ELPINERO<\/a> <a href=\"https:\/\/t.co\/GVUxIpvmBV\">pic.twitter.com\/GVUxIpvmBV<\/a><\/p>&mdash; Zona Roja Oaxaca (@MexRoja) <a href=\"https:\/\/twitter.com\/MexRoja\/status\/1201238467184910343?ref_src=twsrc%5Etfw\">1 de diciembre de 2019<\/a><\/blockquote><\/div>\n<\/div><\/figure>\n\n\n\n<p>Y EN LA CAPITAL<\/p>\n\n\n\n<p>Mientras tanto, por quinto d\u00eda\nconsecutivo, pobladores de Juquila encabezados por su edil Francisco Z\u00e1rate Pacheco\ny por el p\u00e1rroco Jacinto L\u00f3pez Monta\u00f1o, mantienen en la ciudad de Oaxaca jornadas\nde protesta.<\/p>\n\n\n\n<p>Alrededor de las 10:00 horas, partieron\ndel z\u00f3calo hacia la Plaza de la Danza, donde se llevar\u00eda a cabo un festejo de\nseguidores del Presidente Andr\u00e9s Manuel L\u00f3pez Obrador con motivo de su primer\na\u00f1o de gobierno.<\/p>\n\n\n\n<p>De inmediato con pancartas se\nposesionaron del estrado e impidieron las actividades programadas en ese lugar.<\/p>\n\n\n\n<p>En tanto, los morenistas encabezados por el senador Salom\u00f3n Jara Cruz, optaron por desarrollar su actividad festiva en la explanada del templo de Santo Domingo de Guzm\u00e1n.<\/p>\n\n\n\n<figure class=\"wp-block-embed-twitter wp-block-embed is-type-rich is-provider-twitter\"><div class=\"wp-block-embed__wrapper\">\n<div class=\"twitter-tweet\"><blockquote class=\"twitter-tweet\" data-lang=\"es\"><p lang=\"es\" dir=\"ltr\"><a href=\"https:\/\/twitter.com\/hashtag\/OaxacaGris?src=hash&amp;ref_src=twsrc%5Etfw\">#OaxacaGris<\/a><br>Pese al apoyo del <a href=\"https:\/\/twitter.com\/GobOax?ref_src=twsrc%5Etfw\">@goboax<\/a>, con la realizaci\u00f3n del desalojo violento de ayer en \u201cEl Pedimento\u201d, pobladores de <a href=\"https:\/\/twitter.com\/hashtag\/Juquila?src=hash&amp;ref_src=twsrc%5Etfw\">#Juquila<\/a> mantienen protestas y actos violentos en la ciudad de Oaxaca y hoy irrumpen en festejo de Morena en Plaza de la Danza, donde buscan cancelar festejo. <a href=\"https:\/\/t.co\/gNfYPGzzQv\">pic.twitter.com\/gNfYPGzzQv<\/a><\/p>&mdash; Zona Roja Oaxaca (@MexRoja) <a href=\"https:\/\/twitter.com\/MexRoja\/status\/1201198099059724288?ref_src=twsrc%5Etfw\">1 de diciembre de 2019<\/a><\/blockquote><\/div>\n<\/div><\/figure>\n","protected":false},"excerpt":{"rendered":"<p>Redacci\u00f3n\/Zona Roja. Oaxaca de Ju\u00e1rez, Oax., 1 de diciembre de 2019.- Por segundo d\u00eda, la&hellip;<\/p>\n","protected":false},"author":2,"featured_media":6253,"comment_status":"closed","ping_status":"open","sticky":false,"template":"","format":"standard","meta":{"_lmt_disableupdate":"","_lmt_disable":"","_jetpack_memberships_contains_paid_content":false,"footnotes":""},"categories":[109,51],"tags":[556,545,546],"class_list":["post-6252","post","type-post","status-publish","format-standard","has-post-thumbnail","hentry","category-minuto-a-minuto","category-zona-roja","tag-conflicto-yaitepec-juquila","tag-santa-catarina-juquila","tag-santiago-yaitepec"],"jetpack_featured_media_url":"https:\/\/zonaroja.com.mx\/wp-content\/uploads\/2019\/12\/El-Pedimento-Juquila-2.jpg","jetpack_sharing_enabled":true,"_links":{"self":[{"href":"https:\/\/zonaroja.com.mx\/index.php?rest_route=\/wp\/v2\/posts\/6252","targetHints":{"allow":["GET"]}}],"collection":[{"href":"https:\/\/zonaroja.com.mx\/index.php?rest_route=\/wp\/v2\/posts"}],"about":[{"href":"https:\/\/zonaroja.com.mx\/index.php?rest_route=\/wp\/v2\/types\/post"}],"author":[{"embeddable":true,"href":"https:\/\/zonaroja.com.mx\/index.php?rest_route=\/wp\/v2\/users\/2"}],"replies":[{"embeddable":true,"href":"https:\/\/zonaroja.com.mx\/index.php?rest_route=%2Fwp%2Fv2%2Fcomments&post=6252"}],"version-history":[{"count":1,"href":"https:\/\/zonaroja.com.mx\/index.php?rest_route=\/wp\/v2\/posts\/6252\/revisions"}],"predecessor-version":[{"id":6254,"href":"https:\/\/zonaroja.com.mx\/index.php?rest_route=\/wp\/v2\/posts\/6252\/revisions\/6254"}],"wp:featuredmedia":[{"embeddable":true,"href":"https:\/\/zonaroja.com.mx\/index.php?rest_route=\/wp\/v2\/media\/6253"}],"wp:attachment":[{"href":"https:\/\/zonaroja.com.mx\/index.php?rest_route=%2Fwp%2Fv2%2Fmedia&parent=6252"}],"wp:term":[{"taxonomy":"category","embeddable":true,"href":"https:\/\/zonaroja.com.mx\/index.php?rest_route=%2Fwp%2Fv2%2Fcategories&post=6252"},{"taxonomy":"post_tag","embeddable":true,"href":"https:\/\/zonaroja.com.mx\/index.php?rest_route=%2Fwp%2Fv2%2Ftags&post=6252"}],"curies":[{"name":"wp","href":"https:\/\/api.w.org\/{rel}","templated":true}]}}