{"id":62526,"date":"2023-11-26T15:33:38","date_gmt":"2023-11-26T21:33:38","guid":{"rendered":"http:\/\/www.zonaroja.com.mx\/?p=62526"},"modified":"2023-11-26T15:33:40","modified_gmt":"2023-11-26T21:33:40","slug":"liberan-a-3-periodistas-secuestrados-en-guerrero-y-a-otra-persona","status":"publish","type":"post","link":"https:\/\/zonaroja.com.mx\/?p=62526","title":{"rendered":"Liberan a 3 periodistas secuestrados en Guerrero y a otra persona"},"content":{"rendered":"\n<p>Refacci\u00f3n\/Zona Roja CDMX.<\/p>\n\n\n\n<p>Ciudad de M\u00e9xico, a 26 de noviembre de 2023.- Tres periodistas que hab\u00edan sido secuestrados en Guerrero fueron puestos en libertad, inform\u00f3 este s\u00e1bado la Fiscal\u00eda General de dicha entidad, golpeada por la violencia ligada al crimen organizado.<\/p>\n\n\n\n<p>Los reporteros Silvia Nayssa Arce, Alberto S\u00e1nchez y Marco Antonio Toledo fueron liberados gracias al \u00abreforzamiento de los operativos de b\u00fasqueda y el despliegue de autoridades\u00bb estatales y federales, indic\u00f3 la fiscal\u00eda de Guerrero en comunicado.<\/p>\n\n\n\n<p>La aparici\u00f3n de los periodistas \u00abse confirma despu\u00e9s de que esta instituci\u00f3n de procuraci\u00f3n de justicia obtuvo la prueba de vida y la comparecencia de las v\u00edctimas ante el Ministerio P\u00fablico correspondiente\u00bb, agrega el bolet\u00edn.<\/p>\n\n\n\n<p>La Fiscal\u00eda General confirm\u00f3 tambi\u00e9n la liberaci\u00f3n de la esposa del reportero Toledo Guadalupe Denova, pero se\u00f1al\u00f3 que el hijo de la pareja, Alberto, quien fue secuestrado junto a sus padres, permanece sin localizar.&nbsp;<\/p>\n\n\n\n<p>En tal sentido, asegur\u00f3 que personal del ej\u00e9rcito, la polic\u00eda y la Guardia Nacional mexicanas \u00abcontin\u00faan con los operativos de b\u00fasqueda\u00bb para encontrarlo, seg\u00fan indica el comunicado.<\/p>\n\n\n\n<p>Marco Antonio Toledo, quien es director del semanario local \u201cEl Espectador\u201d y corresponsal de diversos medios, fue secuestrado el 19 de noviembre en la ciudad de Taxco, mientras que Arce y S\u00e1nchez, reporteros del medio digital \u201cRedSiete\u201d, hab\u00edan sido raptados el mi\u00e9rcoles 22 en la misma localidad.<\/p>\n\n\n\n<p>M\u00e9xico es considerado uno de los pa\u00edses m\u00e1s peligrosos del mundo para ejercer el periodismo, seg\u00fan la organizaci\u00f3n Reporteros Sin Fronteras (RSF).<\/p>\n\n\n\n<p>Apenas el 16 de noviembre, el fotoperiodista de El Heraldo de Ju\u00e1rez, Ismael Villag\u00f3mez, fue asesinado de un balazo en la fronteriza Ciudad Ju\u00e1rez (norte).<\/p>\n\n\n\n<p>Hasta el momento hay tres personas detenidas por el homicidio.&nbsp;<\/p>\n\n\n\n<p>Al menos otros cinco periodistas han sido asesinados en M\u00e9xico en 2023, seg\u00fan la organizaci\u00f3n Reporteros Sin Fronteras (RSF). Las autoridades investigan si estos hechos est\u00e1n relacionados con su labor informativa.<\/p>\n\n\n\n<p>(Informaci\u00f3n de la agencia AFP)<\/p>\n","protected":false},"excerpt":{"rendered":"<p>Refacci\u00f3n\/Zona Roja CDMX. Ciudad de M\u00e9xico, a 26 de noviembre de 2023.- Tres periodistas que&hellip;<\/p>\n","protected":false},"author":2,"featured_media":62439,"comment_status":"closed","ping_status":"open","sticky":false,"template":"","format":"standard","meta":{"_lmt_disableupdate":"","_lmt_disable":"","_jetpack_memberships_contains_paid_content":false,"footnotes":""},"categories":[109,47],"tags":[],"class_list":["post-62526","post","type-post","status-publish","format-standard","has-post-thumbnail","hentry","category-minuto-a-minuto","category-zona-gris"],"jetpack_featured_media_url":"https:\/\/zonaroja.com.mx\/wp-content\/uploads\/2023\/11\/Periodistas-desaparecisos-Taxo-Guerrero.jpeg","jetpack_sharing_enabled":true,"_links":{"self":[{"href":"https:\/\/zonaroja.com.mx\/index.php?rest_route=\/wp\/v2\/posts\/62526","targetHints":{"allow":["GET"]}}],"collection":[{"href":"https:\/\/zonaroja.com.mx\/index.php?rest_route=\/wp\/v2\/posts"}],"about":[{"href":"https:\/\/zonaroja.com.mx\/index.php?rest_route=\/wp\/v2\/types\/post"}],"author":[{"embeddable":true,"href":"https:\/\/zonaroja.com.mx\/index.php?rest_route=\/wp\/v2\/users\/2"}],"replies":[{"embeddable":true,"href":"https:\/\/zonaroja.com.mx\/index.php?rest_route=%2Fwp%2Fv2%2Fcomments&post=62526"}],"version-history":[{"count":1,"href":"https:\/\/zonaroja.com.mx\/index.php?rest_route=\/wp\/v2\/posts\/62526\/revisions"}],"predecessor-version":[{"id":62527,"href":"https:\/\/zonaroja.com.mx\/index.php?rest_route=\/wp\/v2\/posts\/62526\/revisions\/62527"}],"wp:featuredmedia":[{"embeddable":true,"href":"https:\/\/zonaroja.com.mx\/index.php?rest_route=\/wp\/v2\/media\/62439"}],"wp:attachment":[{"href":"https:\/\/zonaroja.com.mx\/index.php?rest_route=%2Fwp%2Fv2%2Fmedia&parent=62526"}],"wp:term":[{"taxonomy":"category","embeddable":true,"href":"https:\/\/zonaroja.com.mx\/index.php?rest_route=%2Fwp%2Fv2%2Fcategories&post=62526"},{"taxonomy":"post_tag","embeddable":true,"href":"https:\/\/zonaroja.com.mx\/index.php?rest_route=%2Fwp%2Fv2%2Ftags&post=62526"}],"curies":[{"name":"wp","href":"https:\/\/api.w.org\/{rel}","templated":true}]}}