{"id":62533,"date":"2023-11-26T18:59:51","date_gmt":"2023-11-27T00:59:51","guid":{"rendered":"http:\/\/www.zonaroja.com.mx\/?p=62533"},"modified":"2023-11-26T18:59:52","modified_gmt":"2023-11-27T00:59:52","slug":"opinion-no-tenemos-un-manual","status":"publish","type":"post","link":"https:\/\/zonaroja.com.mx\/?p=62533","title":{"rendered":"Opini\u00f3n. \u201cNo tenemos un manual\u201d"},"content":{"rendered":"\n<p>Diego Enrique Osorno*<\/p>\n\n\n\n<p>La charla con Ximena fluye entre un viento amable que pasea por la borda de La Monta\u00f1a. El Atl\u00e1ntico atestigua la navegaci\u00f3n hist\u00f3rica de la fracci\u00f3n mar\u00edtima enviada por el EZLN a Europa. \u201cSoy integrante del Escuadr\u00f3n 4-2-1, porque fuimos elegidos para hacer este trabajo por nuestros pueblos, porque nosotros representamos a nuestros pueblos, nosotros llevamos la palabra de ellos, nosotros vamos a compartir, a dar nuestra semilla a los hermanos y hermanas del continente europeo porque ahora vamos para all\u00e1\u201d.<\/p>\n\n\n\n<p>\u201cEste trabajo que vamos a hacer&nbsp;tambi\u00e9n tenemos un deber de compartirlo a trav\u00e9s de nuestros pueblos luego, de c\u00f3mo se est\u00e1n haciendo los trabajos, c\u00f3mo se est\u00e1n haciendo los viajes, de rendirle un informe a nuestros pueblos de que&nbsp;\u2018as\u00ed se hizo los trabajos, fuimos a tal pa\u00eds\u2019, o sea, c\u00f3mo lo vamos a hacer ese trabajo;&nbsp;entonces, de todo lo que vayamos a hacer, vamos a informar, porque el pueblo tiene que saber tambi\u00e9n, todos los pueblos que nos mandaron\u2026<\/p>\n\n\n\n<p>-\u00bfQu\u00e9 significa para ti ser parte de la generaci\u00f3n que naci\u00f3 despu\u00e9s del alzamiento de 1994?, \u00bfc\u00f3mo sientes eso en tu coraz\u00f3n?<\/p>\n\n\n\n<p>-Con los a\u00f1os vamos aprendiendo, porque yo nac\u00ed en 1996. Cuando estaba chica no sab\u00eda ya todo, sino que es dependiendo la edad y como vayamos entendiendo c\u00f3mo son los trabajos y cu\u00e1l es nuestro deber de nosotros como zapatistas. Tenemos que estar viendo las \u00e1reas y participando; por ejemplo, si quiero ser promotora de salud, o me gustar\u00eda el \u00e1rea de educaci\u00f3n, puedo elegir, entonces, ese es un derecho que ya tengo, de elegir d\u00f3nde, qu\u00e9 trabajo quiero hacer, o qu\u00e9 trabajo puedo hacer, entonces, as\u00ed como estoy, me siento bien, de ser zapatista.<\/p>\n\n\n\n<p>\u201cY bueno, gracias a nuestros abuelos, abuelas, a nuestros padres y a nuestras madres, de que s\u00ed&nbsp;vivieron esa vida, de que tuvieron que enfrentarse a todo eso antes del 94, pero gracias a ellos nos abrieron el camino y es donde estamos ahora. Ellos empezaron la pr\u00e1ctica. Desde ese tiempo nos abrieron el camino para ver c\u00f3mo estamos y d\u00f3nde estamos viviendo y c\u00f3mo es nuestro pa\u00eds, c\u00f3mo es la vida\u201d.<\/p>\n\n\n\n<p>-\u00bfQu\u00e9 esperan de Europa?, \u00bfqu\u00e9 perciben que pueden encontrar cuando lleguen por all\u00e1?&nbsp;<\/p>\n\n\n\n<p>-As\u00ed como nosotros decimos que nosotros vamos a compartir, pues all\u00e1 a los hermanos les tocar\u00eda decir, o sea ver si lo que llevamos los va ayudar o no, a ellos les tocar\u00eda decir. Para nosotros es algo grande el que vamos a compartir de la vida, de la autonom\u00eda, de nuestra lucha;&nbsp;entonces&nbsp;por eso ya a ellos les tocar\u00eda definir en qu\u00e9 camino van a los que, despu\u00e9s de todo,&nbsp;ya hayan escuchado nuestra compartici\u00f3n como zapatistas.<\/p>\n\n\n\n<p>-\u00bfQu\u00e9 sientes despu\u00e9s de haber pasado por Cuba en esta ruta?<\/p>\n\n\n\n<p>-Me siento con mucho \u00e1nimo de seguir haciendo mi trabajo, porque no solo existe la lucha zapatista, sino existen varias luchas, pero es seg\u00fan a sus modos cada una, a sus geograf\u00edas y de c\u00f3mo ellos entiendan de c\u00f3mo quieren hacer sus luchas, entonces veo de que si igual aqu\u00ed tienen otra idea de c\u00f3mo luchar, de c\u00f3mo lo hicieron, pues para m\u00ed tambi\u00e9n Cuba hizo su pr\u00e1ctica, entonces al ver el lugar que nunca me imagin\u00e9&nbsp;que iba yo a ver, pero haciendo los trabajos, se aprenden muchas cosas, ves muchas cosas nuevas, se va abriendo m\u00e1s lo que es nuestro pensamiento, nuestra idea de c\u00f3mo es la vida en el mundo, entonces, yo me siento con mucho \u00e1nimo de seguir haciendo ese trabajo.<\/p>\n\n\n\n<p>-\u00bfC\u00f3mo ves esta pandemia que tiene paralizado al mundo?<\/p>\n\n\n\n<p>-Para nosotros la pandemia s\u00ed afect\u00f3 a todos, hasta de otros pa\u00edses, los pa\u00edses mas ricos, pues todo afect\u00f3, igual, aunque sea rico, tambi\u00e9n afect\u00f3, pero para nosotros no hay nada que nos detenga a seguir haciendo los trabajos de nuestra lucha; entonces, para nosotros es algo significativo, porque hace 500 a\u00f1os nos quisieron acabar, pero no nos acabaron y nosotros vamos a demostrarles que no nos acabaron, vamos a representar eso, pero por nuestra lucha es lo que vamos a llevar ese trabajo de compartir lo que ya hemos logrado durante a\u00f1os.<\/p>\n\n\n\n<p>-\u00bfQu\u00e9 es lo que llevan para compartir all\u00e1?<\/p>\n\n\n\n<p>-Llevamos esa palabra de&nbsp;nuestros pueblos, esa es nuestra responsabilidad que vamos a compartir, la semilla de nuestra lucha, de c\u00f3mo hemos venido caminando durante a\u00f1os y de que eso nunca se va a perder, aunque as\u00ed vaya de generaci\u00f3n en generaci\u00f3n, tiene que saberse c\u00f3mo nuestra lucha creci\u00f3 y c\u00f3mo vino, porque tenemos una historia de nuestros abuelos y abuelas, entonces ahora nosotros vamos a dejar nuestra semilla para los hermanos y hermanas de diferentes colectivos, ya a ellos les tocar\u00eda escoger igual cu\u00e1l semilla van a querer, nosotros solo vamos a ponerla en la mesa, ya ellos les tocar\u00eda escoger, porque igual nuestra autonom\u00eda ya est\u00e1;&nbsp;y s\u00ed ha estado bonito pero tambi\u00e9n hemos encontrado errores, fallas para hacer el trabajo, pero pues con los errores se aprende, porque no tenemos un manual donde nos diga c\u00f3mo vamos a hacer nuestra autonom\u00eda, sino que es ah\u00ed donde, pues, experimentando, haciendo la pr\u00e1ctica, vamos viendo c\u00f3mo se van a hacer los trabajos. Ya haciendo la pr\u00e1ctica ah\u00ed te das cuenta si est\u00e1 bien o mal, y se vuelve a deshacer y se vuelve a hacer otro acuerdo, igual al que le toca hacer pues es al pueblo, el pueblo es el que tiene que aprobar si est\u00e1 bien o est\u00e1 mal, \u00e9l hace el acuerdo y lo deshace.<\/p>\n\n\n\n<p>\u201cTambi\u00e9n hemos hecho trabajos y ah\u00ed nos criticamos, autocriticamos, pero es por el trabajo, si est\u00e1 bien o est\u00e1 mal, nosotros as\u00ed hemos venido caminando, eso igual nos ha ayudado mucho\u201d.&nbsp;<\/p>\n\n\n\n<p>*Escritor y periodista.<\/p>\n\n\n\n<p>@DiegoEOsorno<\/p>\n","protected":false},"excerpt":{"rendered":"<p>Diego Enrique Osorno* La charla con Ximena fluye entre un viento amable que pasea por&hellip;<\/p>\n","protected":false},"author":2,"featured_media":48560,"comment_status":"closed","ping_status":"open","sticky":false,"template":"","format":"standard","meta":{"_lmt_disableupdate":"","_lmt_disable":"","_jetpack_memberships_contains_paid_content":false,"footnotes":""},"categories":[456,109],"tags":[3020],"class_list":["post-62533","post","type-post","status-publish","format-standard","has-post-thumbnail","hentry","category-columna","category-minuto-a-minuto","tag-diego-enrique-osorno"],"jetpack_featured_media_url":"https:\/\/zonaroja.com.mx\/wp-content\/uploads\/2022\/11\/Diego-Enrique-Osorno.jpeg","jetpack_sharing_enabled":true,"_links":{"self":[{"href":"https:\/\/zonaroja.com.mx\/index.php?rest_route=\/wp\/v2\/posts\/62533","targetHints":{"allow":["GET"]}}],"collection":[{"href":"https:\/\/zonaroja.com.mx\/index.php?rest_route=\/wp\/v2\/posts"}],"about":[{"href":"https:\/\/zonaroja.com.mx\/index.php?rest_route=\/wp\/v2\/types\/post"}],"author":[{"embeddable":true,"href":"https:\/\/zonaroja.com.mx\/index.php?rest_route=\/wp\/v2\/users\/2"}],"replies":[{"embeddable":true,"href":"https:\/\/zonaroja.com.mx\/index.php?rest_route=%2Fwp%2Fv2%2Fcomments&post=62533"}],"version-history":[{"count":1,"href":"https:\/\/zonaroja.com.mx\/index.php?rest_route=\/wp\/v2\/posts\/62533\/revisions"}],"predecessor-version":[{"id":62534,"href":"https:\/\/zonaroja.com.mx\/index.php?rest_route=\/wp\/v2\/posts\/62533\/revisions\/62534"}],"wp:featuredmedia":[{"embeddable":true,"href":"https:\/\/zonaroja.com.mx\/index.php?rest_route=\/wp\/v2\/media\/48560"}],"wp:attachment":[{"href":"https:\/\/zonaroja.com.mx\/index.php?rest_route=%2Fwp%2Fv2%2Fmedia&parent=62533"}],"wp:term":[{"taxonomy":"category","embeddable":true,"href":"https:\/\/zonaroja.com.mx\/index.php?rest_route=%2Fwp%2Fv2%2Fcategories&post=62533"},{"taxonomy":"post_tag","embeddable":true,"href":"https:\/\/zonaroja.com.mx\/index.php?rest_route=%2Fwp%2Fv2%2Ftags&post=62533"}],"curies":[{"name":"wp","href":"https:\/\/api.w.org\/{rel}","templated":true}]}}