{"id":62537,"date":"2023-11-26T20:59:30","date_gmt":"2023-11-27T02:59:30","guid":{"rendered":"http:\/\/www.zonaroja.com.mx\/?p=62537"},"modified":"2023-11-26T20:59:33","modified_gmt":"2023-11-27T02:59:33","slug":"los-conflictos-no-se-arreglan-con-armas-se-desarreglan-mas-arzobispo","status":"publish","type":"post","link":"https:\/\/zonaroja.com.mx\/?p=62537","title":{"rendered":"\u201cLos conflictos no se arreglan con armas; se desarreglan m\u00e1s\u201d: Arzobispo"},"content":{"rendered":"\n<p>Ismael Garc\u00eda M.\/Zona Roja.<\/p>\n\n\n\n<p>Oaxaca de Ju\u00e1rez, Oax., a 26 de noviembre de 2023.- El Arzobispo de Antequera Oaxaca, Pedro V\u00e1zquez Villalobos, lament\u00f3 las masacres en la entidad, en que perdieron la vida 14 personas, y llam\u00f3 a las autoridades a resolver con di\u00e1logo los conflictos y no escudarse en que son a\u00f1ejos.<\/p>\n\n\n\n<p>\u201c\u00a1Qu\u00e9 est\u00e1 pasando! Como pastor de esta iglesia, de esta Arquidi\u00f3cesis de Antequera Oaxaca, me duele lo que est\u00e1 pasando en varios pueblos de nuestra Arquidi\u00f3cesis.<\/p>\n\n\n\n<p>\u201cAyer habl\u00e9 con el p\u00e1rroco de Chalcatongo, a donde pertenece San Miguel El Grande, y tambi\u00e9n habl\u00e9 con el p\u00e1rroco de Mar\u00eda Magdalena Jaltepec, a donde pertenece el pueblo de Santiago.<\/p>\n\n\n\n<p>\u201cEn uno murieron asesinados, cinco, y en el otro murieron asesinados nueve, asesinados, a lo directo, a lo directo. Se fueron contra ellos, los que viven en otro pueblo, directamente a ellos\u201d, dijo en su homil\u00eda.<\/p>\n\n\n\n<p>Desde la Catedral Metropolitana, en la capital del estado, el prelado pidi\u00f3 que quienes jalaron el gatillo para matar a sus hermanos, puedan escuchar en su mente y su coraz\u00f3n una pregunta que les hace Dios: qu\u00e9 hiciste con tu hermano, \u00a1qu\u00e9 hiciste con tu hermano!, en referencia al pasaje b\u00edblico de Ca\u00edn y Abel.<\/p>\n\n\n\n<p>DI\u00c1LOGO<\/p>\n\n\n\n<p>Expuso que los conflictos no se arreglan con armas, \u201cse desarreglan m\u00e1s, se descomponen m\u00e1s\u201d;<\/p>\n\n\n\n<p>Y \u201cTengo el temor, tengo el temor, que en d\u00edas futuros nos digan: ahora los de aqu\u00ed mataron a los de all\u00e1. Nunca vamos a acabar.<\/p>\n\n\n\n<p>\u201c\u00a1D\u00f3nde estamos, en qu\u00e9 mundo vivimos, por qu\u00e9 se ha endurecido nuestro coraz\u00f3n, por qu\u00e9, por qu\u00e9 hemos perdido el respeto a Dios, al quitarle la vida a un hermano, a un hijo de Dios, a un hermano nuestro; me mataste, te mato; me mataste a uno de los de mi pueblo, yo tambi\u00e9n te mato, y as\u00ed queremos arreglar las cosas\u201d.<\/p>\n\n\n\n<p>Lament\u00f3 que de los nueve muertos ayer en Magdalena Jaltepec, originarios de Santiago Mitlatongo, cuatro sean mujeres y una de ellas religiosa de la iglesia Cat\u00f3lica.<\/p>\n\n\n\n<p>\u201cAyer murieron cuatro, \u00a1cuatro mujeres!, cuatro, esposas tal vez, madres de familia, que no hablan mentiras en estas cosas, les quitaron la vida a cuatro mujeres y a cinco hombres<\/p>\n\n\n\n<p>\u201cEl p\u00e1rroco de Magdalena me dijo: \u2018monse\u00f1or, mataron a mi catequista, de Santiago (Mitlatongo), una era mi catequista, se dedicaba a preparar a ni\u00f1os, j\u00f3venes y adultos a los sacramentos, se dedicaba a anunciar la palabra de Dios y quitaron la vida a mi catequista.Tengo que decir, tomando las palabras de mi hermano sacerdote, mataron a mi catequista\u201d.<\/p>\n\n\n\n<p>Por ello, llam\u00f3 a las autoridades, federales y estatales, a que se den a la tarea de pacificar y de resolver los asuntos de territorio, porque ese es el problema.<\/p>\n\n\n\n<p>SIN PRETEXTOS<\/p>\n\n\n\n<p>\u201cNo es suficiente que digamos que esto tiene a\u00f1ales, estos problemas tienen a\u00f1os y a\u00f1os y no se resuelven; te toca a ti resolverlo hoy, autoridad, te toca; no solamente vivamos de la historia diciendo, son problemas a\u00f1ejos y concluimos: no tienen soluci\u00f3n y por tanto no hago nada porque no tienen soluci\u00f3n.<\/p>\n\n\n\n<p>\u201cMi autoridad civil no debe de debe de decir eso, mi autoridad civil debe decir: iremos al encuentro de los pueblos en conflicto, nos sentaremos con ellos y buscaremos una soluci\u00f3n, responsablemente, responsablemente\u201d.<\/p>\n\n\n\n<p>Narr\u00f3 tambi\u00e9n que los sacerdotes de las parroquias con frecuencia tratan temas de violencia y piden a la feligres\u00eda a no usar las armas, a vivir en paz.&nbsp;<\/p>\n\n\n\n<p>\u201cPero s\u00ed pido, s\u00ed pido, que no concluyan diciendo, son problemas de muchos a\u00f1os y ya. Autoridad federal, autoridad civil, autoridades estatales, yo les pido, yo les ruego, que se pueda hacer algo y por supuesto se puede hacer, y a quienes viven en esos pueblos, guarden las armas, porque seg\u00fan me platican, traen armas de alto poder que destruyen por completo.<\/p>\n\n\n\n<p>\u201cGuarden las armas, as\u00ed no vamos a reconciliarnos, con armas no; no vayamos al di\u00e1logo con armas porque se puede provocar una masacre, vayamos al di\u00e1logo con la mente abierta y el coraz\u00f3n para escuchar al hermano y junto con \u00e9l encontrar una soluci\u00f3n, donde tengamos que ceder t\u00fa y yo, por la paz de nuestros pueblos porque podamos transitar por nuestros caminos. \u201c&nbsp;<\/p>\n\n\n\n<p>A m\u00ed ya me toc\u00f3 en aquella zona y tuve que irme por otro camino, porque me dijeron, monse\u00f1or, por ah\u00ed no se vaya, por ah\u00ed no se puede pasar, hay conflicto, v\u00e1yase por otro lado, dele la vuelta; no hay por qu\u00e9 dar vueltas, a nosotros nos toca orar, pedir a Dios, esa es nuestra responsabilidad\u201d, dijo V\u00e1zquez Villalobos este domingo.<\/p>\n","protected":false},"excerpt":{"rendered":"<p>Ismael Garc\u00eda M.\/Zona Roja. Oaxaca de Ju\u00e1rez, Oax., a 26 de noviembre de 2023.- El&hellip;<\/p>\n","protected":false},"author":2,"featured_media":62539,"comment_status":"closed","ping_status":"open","sticky":false,"template":"","format":"standard","meta":{"_lmt_disableupdate":"","_lmt_disable":"","_jetpack_memberships_contains_paid_content":false,"footnotes":""},"categories":[109,47],"tags":[993],"class_list":["post-62537","post","type-post","status-publish","format-standard","has-post-thumbnail","hentry","category-minuto-a-minuto","category-zona-gris","tag-pedro-vazquez-villalobos"],"jetpack_featured_media_url":"https:\/\/zonaroja.com.mx\/wp-content\/uploads\/2023\/11\/Arzobispo-Pedro-Vazquez-Villalobos.jpg","jetpack_sharing_enabled":true,"_links":{"self":[{"href":"https:\/\/zonaroja.com.mx\/index.php?rest_route=\/wp\/v2\/posts\/62537","targetHints":{"allow":["GET"]}}],"collection":[{"href":"https:\/\/zonaroja.com.mx\/index.php?rest_route=\/wp\/v2\/posts"}],"about":[{"href":"https:\/\/zonaroja.com.mx\/index.php?rest_route=\/wp\/v2\/types\/post"}],"author":[{"embeddable":true,"href":"https:\/\/zonaroja.com.mx\/index.php?rest_route=\/wp\/v2\/users\/2"}],"replies":[{"embeddable":true,"href":"https:\/\/zonaroja.com.mx\/index.php?rest_route=%2Fwp%2Fv2%2Fcomments&post=62537"}],"version-history":[{"count":1,"href":"https:\/\/zonaroja.com.mx\/index.php?rest_route=\/wp\/v2\/posts\/62537\/revisions"}],"predecessor-version":[{"id":62540,"href":"https:\/\/zonaroja.com.mx\/index.php?rest_route=\/wp\/v2\/posts\/62537\/revisions\/62540"}],"wp:featuredmedia":[{"embeddable":true,"href":"https:\/\/zonaroja.com.mx\/index.php?rest_route=\/wp\/v2\/media\/62539"}],"wp:attachment":[{"href":"https:\/\/zonaroja.com.mx\/index.php?rest_route=%2Fwp%2Fv2%2Fmedia&parent=62537"}],"wp:term":[{"taxonomy":"category","embeddable":true,"href":"https:\/\/zonaroja.com.mx\/index.php?rest_route=%2Fwp%2Fv2%2Fcategories&post=62537"},{"taxonomy":"post_tag","embeddable":true,"href":"https:\/\/zonaroja.com.mx\/index.php?rest_route=%2Fwp%2Fv2%2Ftags&post=62537"}],"curies":[{"name":"wp","href":"https:\/\/api.w.org\/{rel}","templated":true}]}}