{"id":62541,"date":"2023-11-26T21:44:53","date_gmt":"2023-11-27T03:44:53","guid":{"rendered":"http:\/\/www.zonaroja.com.mx\/?p=62541"},"modified":"2023-11-26T21:44:57","modified_gmt":"2023-11-27T03:44:57","slug":"matan-con-sana-a-una-mujer-en-oaxaca-tambien-a-tres-individuos","status":"publish","type":"post","link":"https:\/\/zonaroja.com.mx\/?p=62541","title":{"rendered":"Matan con sa\u00f1a a una mujer en Oaxaca; tambi\u00e9n a tres individuos"},"content":{"rendered":"\n<p>Ismael Garc\u00eda M.\/Zona Roja.<\/p>\n\n\n\n<p>Oaxaca de Ju\u00e1rez, Oax., a 26 de noviembre de 2023.- Una mujer fue asesinada este fin de semana en la regi\u00f3n Sierra de Flores Mag\u00f3n de Oaxaca; asimismo, tres individuos en dos hechos distintos, en el Istmo y la Sierra Sur.<\/p>\n\n\n\n<p>El probable feminicidio ocurri\u00f3 en un centro nocturno del municipio de San Juan Bautista Cuicatl\u00e1n, donde laboraba Cristina C., quien fue baleada; fue trasladada por param\u00e9dicos a un hospital, donde perdi\u00f3 la vida debido a la gravedad de las lesiones.<\/p>\n\n\n\n<p>En esta ocasi\u00f3n hubo una persona detenida como probable responsable del crimen, que fue puesta a disposici\u00f3n de la Fiscal\u00eda General del Estado de Oaxaca.<\/p>\n\n\n\n<p>Por otra parte, la madrugada de este domingo en el municipio de Santa Mar\u00eda Mixtequilla, regi\u00f3n del Istmo, fueron ultimados a balazos dos personas del sexo masculino.<\/p>\n\n\n\n<p>La agresi\u00f3n armada ocurri\u00f3 en la calle Agust\u00edn Melgar de la Segunda Secci\u00f3n y las v\u00edctimas fueron identificadas como Luis E. C., de 25 a\u00f1os de edad y originario de Juchit\u00e1n de Zaragoza, y Alfredo A. R., de 46 a\u00f1os de edad y originario de Santo Domingo Tehuantepec.<\/p>\n\n\n\n<p>En este caso no hay detenidos y la Vicefiscal\u00eda Regional del Istmo inici\u00f3 las indagatorias correspondientes.<\/p>\n\n\n\n<p>Mientras tanto en jurisdicci\u00f3n de Miahuatl\u00e1n de Porfirio D\u00edaz, municipio de la regi\u00f3n Sierra Sur, fue hallado el cuerpo sin vida de un individuo, con varios impactos de arma de fuego.<\/p>\n\n\n\n<p>La v\u00edctima fue localizada en un camino rumbo a San Crist\u00f3bal Amatl\u00e1n y fueron vecinos de la zona quienes dieron aviso a las autoridades municipales y estatales; hasta el momento no ha sido identificada legalmente.<\/p>\n","protected":false},"excerpt":{"rendered":"<p>Ismael Garc\u00eda M.\/Zona Roja. Oaxaca de Ju\u00e1rez, Oax., a 26 de noviembre de 2023.- Una&hellip;<\/p>\n","protected":false},"author":2,"featured_media":62538,"comment_status":"closed","ping_status":"open","sticky":false,"template":"","format":"standard","meta":{"_lmt_disableupdate":"","_lmt_disable":"","_jetpack_memberships_contains_paid_content":false,"footnotes":""},"categories":[109,51],"tags":[169,3304,2138],"class_list":["post-62541","post","type-post","status-publish","format-standard","has-post-thumbnail","hentry","category-minuto-a-minuto","category-zona-roja","tag-miahuatlan-de-porfirio-diaz","tag-san-juan-bautista-cuicatlan","tag-santa-maria-mixtequilla"],"jetpack_featured_media_url":"https:\/\/zonaroja.com.mx\/wp-content\/uploads\/2023\/11\/Ejecutado-Miahuatlan-de-Porfirio-Diaz.jpg","jetpack_sharing_enabled":true,"_links":{"self":[{"href":"https:\/\/zonaroja.com.mx\/index.php?rest_route=\/wp\/v2\/posts\/62541","targetHints":{"allow":["GET"]}}],"collection":[{"href":"https:\/\/zonaroja.com.mx\/index.php?rest_route=\/wp\/v2\/posts"}],"about":[{"href":"https:\/\/zonaroja.com.mx\/index.php?rest_route=\/wp\/v2\/types\/post"}],"author":[{"embeddable":true,"href":"https:\/\/zonaroja.com.mx\/index.php?rest_route=\/wp\/v2\/users\/2"}],"replies":[{"embeddable":true,"href":"https:\/\/zonaroja.com.mx\/index.php?rest_route=%2Fwp%2Fv2%2Fcomments&post=62541"}],"version-history":[{"count":1,"href":"https:\/\/zonaroja.com.mx\/index.php?rest_route=\/wp\/v2\/posts\/62541\/revisions"}],"predecessor-version":[{"id":62542,"href":"https:\/\/zonaroja.com.mx\/index.php?rest_route=\/wp\/v2\/posts\/62541\/revisions\/62542"}],"wp:featuredmedia":[{"embeddable":true,"href":"https:\/\/zonaroja.com.mx\/index.php?rest_route=\/wp\/v2\/media\/62538"}],"wp:attachment":[{"href":"https:\/\/zonaroja.com.mx\/index.php?rest_route=%2Fwp%2Fv2%2Fmedia&parent=62541"}],"wp:term":[{"taxonomy":"category","embeddable":true,"href":"https:\/\/zonaroja.com.mx\/index.php?rest_route=%2Fwp%2Fv2%2Fcategories&post=62541"},{"taxonomy":"post_tag","embeddable":true,"href":"https:\/\/zonaroja.com.mx\/index.php?rest_route=%2Fwp%2Fv2%2Ftags&post=62541"}],"curies":[{"name":"wp","href":"https:\/\/api.w.org\/{rel}","templated":true}]}}