{"id":62548,"date":"2023-11-27T08:30:00","date_gmt":"2023-11-27T14:30:00","guid":{"rendered":"http:\/\/www.zonaroja.com.mx\/?p=62548"},"modified":"2023-11-27T06:17:34","modified_gmt":"2023-11-27T12:17:34","slug":"ucrania-derriba-74-drones-en-mayor-ataque-de-rusia","status":"publish","type":"post","link":"https:\/\/zonaroja.com.mx\/?p=62548","title":{"rendered":"Ucrania derriba 74 drones en mayor ataque de Rusia"},"content":{"rendered":"\n<p>Redacci\u00f3n\/Zona Roja Cdmx.<\/p>\n\n\n\n<p>Ciudad de M\u00e9xico, a 27 de noviembre de 2023.- Ucrania afirm\u00f3 este s\u00e1bado que derrib\u00f3 74 de 75 drones rusos lanzados durante la noche, en lo que calific\u00f3 como el peor ataque con estos aparatos contra su territorio desde el inicio de la invasi\u00f3n en febrero de 2022.<\/p>\n\n\n\n<p>El ej\u00e9rcito ucranio declar\u00f3 que Rusia lanz\u00f3 una \u00abcifra r\u00e9cord\u00bb de drones Shahed de fabricaci\u00f3n iran\u00ed, la mayor\u00eda derribados sobre la capital Kiev, causando cortes de electricidad en el centro de la ciudad, donde las temperaturas cayeron por debajo de los cero grados Cent\u00edgrados.<\/p>\n\n\n\n<p>\u00ab\u00a1El enemigo lanz\u00f3 una cifra r\u00e9cord de drones de ataque contra Ucrania! El principal destino del ataque es Kiev\u00bb, declar\u00f3 el comandante de las Fuerza A\u00e9reas de Ucrania, el general Mykola Oleschuk.<\/p>\n\n\n\n<p>El ej\u00e9rcito afirm\u00f3 que derrib\u00f3 \u00ab74 de 75\u00bb drones Shahed.<\/p>\n\n\n\n<p>Cinco personas resultaron heridas en Kiev, entre ellas un ni\u00f1o de 11 a\u00f1os, se\u00f1alaron las autoridades ucranianas.<\/p>\n\n\n\n<p>La alerta a\u00e9rea en la ciudad dur\u00f3 seis horas, y los restos de drones ca\u00eddos causaron incendios y da\u00f1aron edificios en distintos puntos de la capital, indic\u00f3 el alcalde, Vitali Klitschko.<\/p>\n\n\n\n<p>\u00abEl enemigo contin\u00faa sembrando el terror\u00bb, dijo el responsable.<\/p>\n\n\n\n<p>Viktor Vasylenko, residente de la zona, dijo que tuvo que calmar a su hija peque\u00f1a, que sufri\u00f3 \u00abp\u00e1nico y n\u00e1useas\u00bb mientras se refugiaban en un pasillo.<\/p>\n\n\n\n<p>\u00abMi mujer pens\u00f3 que la casa se vendr\u00eda abajo por la mitad\u00bb, explic\u00f3 el hombre de 38 a\u00f1os, a\u00f1adiendo que era la primera vez que un ataque se produc\u00eda tan cerca.<\/p>\n\n\n\n<p>Decenas de edificios sufrieron cortes de electricidad, pero el ministerio de Energ\u00eda inform\u00f3 que esta se restableci\u00f3 algo m\u00e1s tarde.<\/p>\n\n\n\n<p>Kiev, \u00abobjetivo principal\u00bb<\/p>\n\n\n\n<p>El ej\u00e9rcito ucraniano indic\u00f3 que aunque el \u00abobjetivo principal\u00bb del ataque fue Kiev, la defensa a\u00e9rea tambi\u00e9n fue llamada a actuar en el sur del pa\u00eds y un misil guiado fue destruido sobre la regi\u00f3n central de Dnipropetrovsk.<\/p>\n\n\n\n<p>Las autoridades afirmaron que hubo cortes de electricidad en toda la regi\u00f3n.<\/p>\n\n\n\n<p>Kiev advirti\u00f3 y se prepar\u00f3 para una nueva campa\u00f1a rusa contra su red energ\u00e9tica con la llegada del invierno, temiendo que se repita la situaci\u00f3n del a\u00f1o pasado, cuando miles de personas se quedaron sin calefacci\u00f3n ni luz a temperaturas bajo cero.<\/p>\n\n\n\n<p>Los ataques con drones se multiplicaron en los \u00faltimos meses, y han sido obra tanto de las fuerzas de Kiev como de las fuerzas rusas.<\/p>\n\n\n\n<p>El ataque de este s\u00e1bado coincide por otro lado con la conmemoraci\u00f3n en Ucrania del \u00abHolodomor\u00bb, la hambruna y muerte de millones de personas en el pa\u00eds en la d\u00e9cada de 1930 a causa de la pol\u00edtica del l\u00edder sovi\u00e9tico J\u00f3sif Stalin.<\/p>\n\n\n\n<p>\u00abM\u00e1s de 70 (drones) Shahed la noche de la conmemoraci\u00f3n de Holodomor (&#8230;) Los dirigentes rusos est\u00e1n orgullosos de su capacidad de matar\u00bb, coment\u00f3 en sus redes sociales el presidente ucraniano, Volodymir Zelensky.<\/p>\n\n\n\n<p>Zelensky, quien enfatiz\u00f3 que es \u00abimposible\u00bb olvidar o perdonar esos cr\u00edmenes del estalinismo, acudi\u00f3 en Kiev a una ceremonia para conmemorar este episodio hist\u00f3rico que, seg\u00fan Ucrania, fue causado deliberadamente por la pol\u00edtica agr\u00edcola sovi\u00e9tica, algo que Mosc\u00fa niega.<\/p>\n\n\n\n<p>Ucrania perdi\u00f3 entre cuatro y ocho millones de habitantes en la gran hambruna de 1932-1933 durante el proceso de colectivizaci\u00f3n de sus tierras. Dicha hambruna, seg\u00fan los historiadores, fue orquestada por Stalin para reprimir cualquier veleidad nacionalista e independentista en el pa\u00eds, por entonces una rep\u00fablica sovi\u00e9tica.<\/p>\n\n\n\n<p>(Informaci\u00f3n de agencias en \u201cLa Jornada\u201d)<\/p>\n","protected":false},"excerpt":{"rendered":"<p>Redacci\u00f3n\/Zona Roja Cdmx. Ciudad de M\u00e9xico, a 27 de noviembre de 2023.- Ucrania afirm\u00f3 este&hellip;<\/p>\n","protected":false},"author":2,"featured_media":47044,"comment_status":"closed","ping_status":"open","sticky":false,"template":"","format":"standard","meta":{"_lmt_disableupdate":"","_lmt_disable":"","_jetpack_memberships_contains_paid_content":false,"footnotes":""},"categories":[109,47],"tags":[3040],"class_list":["post-62548","post","type-post","status-publish","format-standard","has-post-thumbnail","hentry","category-minuto-a-minuto","category-zona-gris","tag-conflicto-ucrania-rusia-2"],"jetpack_featured_media_url":"https:\/\/zonaroja.com.mx\/wp-content\/uploads\/2022\/10\/Drones-Kamikaze-Rusia.jpeg","jetpack_sharing_enabled":true,"_links":{"self":[{"href":"https:\/\/zonaroja.com.mx\/index.php?rest_route=\/wp\/v2\/posts\/62548","targetHints":{"allow":["GET"]}}],"collection":[{"href":"https:\/\/zonaroja.com.mx\/index.php?rest_route=\/wp\/v2\/posts"}],"about":[{"href":"https:\/\/zonaroja.com.mx\/index.php?rest_route=\/wp\/v2\/types\/post"}],"author":[{"embeddable":true,"href":"https:\/\/zonaroja.com.mx\/index.php?rest_route=\/wp\/v2\/users\/2"}],"replies":[{"embeddable":true,"href":"https:\/\/zonaroja.com.mx\/index.php?rest_route=%2Fwp%2Fv2%2Fcomments&post=62548"}],"version-history":[{"count":1,"href":"https:\/\/zonaroja.com.mx\/index.php?rest_route=\/wp\/v2\/posts\/62548\/revisions"}],"predecessor-version":[{"id":62549,"href":"https:\/\/zonaroja.com.mx\/index.php?rest_route=\/wp\/v2\/posts\/62548\/revisions\/62549"}],"wp:featuredmedia":[{"embeddable":true,"href":"https:\/\/zonaroja.com.mx\/index.php?rest_route=\/wp\/v2\/media\/47044"}],"wp:attachment":[{"href":"https:\/\/zonaroja.com.mx\/index.php?rest_route=%2Fwp%2Fv2%2Fmedia&parent=62548"}],"wp:term":[{"taxonomy":"category","embeddable":true,"href":"https:\/\/zonaroja.com.mx\/index.php?rest_route=%2Fwp%2Fv2%2Fcategories&post=62548"},{"taxonomy":"post_tag","embeddable":true,"href":"https:\/\/zonaroja.com.mx\/index.php?rest_route=%2Fwp%2Fv2%2Ftags&post=62548"}],"curies":[{"name":"wp","href":"https:\/\/api.w.org\/{rel}","templated":true}]}}