{"id":62550,"date":"2023-11-27T12:30:00","date_gmt":"2023-11-27T18:30:00","guid":{"rendered":"http:\/\/www.zonaroja.com.mx\/?p=62550"},"modified":"2023-11-27T06:19:48","modified_gmt":"2023-11-27T12:19:48","slug":"brilla-melenie-lissette-en-torneo-nacional-promesa-del-boxeo-oaxaqueno","status":"publish","type":"post","link":"https:\/\/zonaroja.com.mx\/?p=62550","title":{"rendered":"Brilla Melenie Lissette en torneo nacional, promesa del boxeo oaxaque\u00f1o \u00a0"},"content":{"rendered":"\n<p>Yuridiana Sosa\/Zona Roja.\u00a0 Foto: Cortes\u00eda.<\/p>\n\n\n\n<p>Oaxaca de Ju\u00e1rez, Oax., a 27 de noviembre de 2023.- La joven estudiante oaxaque\u00f1a, Melanie Lissette V\u00e1squez Santiago, es la nueva promesa del boxeo que en cada competencia nacional sube al p\u00f3dium.&nbsp;<\/p>\n\n\n\n<p>Melanie es alumna del quinto semestre del Colegio de Bachilleres del Estado de Oaxaca (Cobao) n\u00famero 40 en Bajos de Chila, San Pedro Mixtepec, en la regi\u00f3n de la Costa&nbsp;y recientemente gan\u00f3 medalla de plata en el Cuarto Torneo de Liga de Boxeo Federado Sur-Sureste 2023.&nbsp;<\/p>\n\n\n\n<p>El triunfo de la joven promesa del boxeo oaxaque\u00f1o gener\u00f3 emoci\u00f3n tanto entre la comunidad estudiantil que le brind\u00f3 su reconocimiento como en su comunidad de origen, donde se enorgullecen de sus logros, reflejo de su arduo trabajo. &nbsp;<\/p>\n\n\n\n<p>V\u00e1squez Santiago, quien port\u00f3 con orgullo su medalla, tambi\u00e9n recibi\u00f3 las felicitaciones de la direcci\u00f3n general del Cobao, a cargo de Ver\u00f3nica Hern\u00e1ndez Gonz\u00e1lez: \u201cContin\u00faa con esa disciplina, dedicaci\u00f3n y constancia, es la clave del \u00e9xito en los deportes de alto rendimiento\u201d.&nbsp;<\/p>\n\n\n\n<p>En agosto pasado, Melanie Lissette, integrante de un gimnasio en Puerto Escondido, tambi\u00e9n se colg\u00f3 la medalla de plata en el torneo La Perla del Golfo, en Campeche, en el que compiti\u00f3 en la categor\u00eda 54 kilogramos, femenil.<\/p>\n","protected":false},"excerpt":{"rendered":"<p>Yuridiana Sosa\/Zona Roja.\u00a0 Foto: Cortes\u00eda. Oaxaca de Ju\u00e1rez, Oax., a 27 de noviembre de 2023.-&hellip;<\/p>\n","protected":false},"author":2,"featured_media":62544,"comment_status":"closed","ping_status":"open","sticky":false,"template":"","format":"standard","meta":{"_lmt_disableupdate":"","_lmt_disable":"","_jetpack_memberships_contains_paid_content":false,"footnotes":""},"categories":[109,46],"tags":[2883,3739],"class_list":["post-62550","post","type-post","status-publish","format-standard","has-post-thumbnail","hentry","category-minuto-a-minuto","category-zona-blanca","tag-colegio-de-bachilleres-de-oaxaca-cobao","tag-melaine-lissette-vasquez-santiago"],"jetpack_featured_media_url":"https:\/\/zonaroja.com.mx\/wp-content\/uploads\/2023\/11\/Boxeadora-oaxaquena-CObao.jpg","jetpack_sharing_enabled":true,"_links":{"self":[{"href":"https:\/\/zonaroja.com.mx\/index.php?rest_route=\/wp\/v2\/posts\/62550","targetHints":{"allow":["GET"]}}],"collection":[{"href":"https:\/\/zonaroja.com.mx\/index.php?rest_route=\/wp\/v2\/posts"}],"about":[{"href":"https:\/\/zonaroja.com.mx\/index.php?rest_route=\/wp\/v2\/types\/post"}],"author":[{"embeddable":true,"href":"https:\/\/zonaroja.com.mx\/index.php?rest_route=\/wp\/v2\/users\/2"}],"replies":[{"embeddable":true,"href":"https:\/\/zonaroja.com.mx\/index.php?rest_route=%2Fwp%2Fv2%2Fcomments&post=62550"}],"version-history":[{"count":1,"href":"https:\/\/zonaroja.com.mx\/index.php?rest_route=\/wp\/v2\/posts\/62550\/revisions"}],"predecessor-version":[{"id":62551,"href":"https:\/\/zonaroja.com.mx\/index.php?rest_route=\/wp\/v2\/posts\/62550\/revisions\/62551"}],"wp:featuredmedia":[{"embeddable":true,"href":"https:\/\/zonaroja.com.mx\/index.php?rest_route=\/wp\/v2\/media\/62544"}],"wp:attachment":[{"href":"https:\/\/zonaroja.com.mx\/index.php?rest_route=%2Fwp%2Fv2%2Fmedia&parent=62550"}],"wp:term":[{"taxonomy":"category","embeddable":true,"href":"https:\/\/zonaroja.com.mx\/index.php?rest_route=%2Fwp%2Fv2%2Fcategories&post=62550"},{"taxonomy":"post_tag","embeddable":true,"href":"https:\/\/zonaroja.com.mx\/index.php?rest_route=%2Fwp%2Fv2%2Ftags&post=62550"}],"curies":[{"name":"wp","href":"https:\/\/api.w.org\/{rel}","templated":true}]}}