{"id":62552,"date":"2023-11-27T11:19:00","date_gmt":"2023-11-27T17:19:00","guid":{"rendered":"http:\/\/www.zonaroja.com.mx\/?p=62552"},"modified":"2023-11-27T06:28:28","modified_gmt":"2023-11-27T12:28:28","slug":"himno-amafka-representara-a-mexico-en-certamen-internacional-en-bolivia","status":"publish","type":"post","link":"https:\/\/zonaroja.com.mx\/?p=62552","title":{"rendered":"Himno \u201cAmafka\u201d representar\u00e1 a M\u00e9xico en certamen internacional en Bolivia"},"content":{"rendered":"\n<p>Redacci\u00f3n\/Zona Roja.&nbsp;<\/p>\n\n\n\n<p>Oaxaca de Ju\u00e1rez, Oax. 27 de noviembre de 2023.- El himno de paz \u201cAmafka\u201d, canci\u00f3n oficial del Programa de Paz con Justicia y Bienestar para el Pueblo de Oaxaca del gobierno estatal, fue seleccionado para participar en el Festival Nacional de la Canci\u00f3n Aqu\u00ed&#8230; Canta Bolivia, uno de los m\u00e1s grandes en Am\u00e9rica Latina.<\/p>\n\n\n\n<p>El himno ser\u00e1 interpretado en este festival por la orquesta tradicional \u201cLos Tejones Nee Bya\u00bb, agrupaci\u00f3n originaria de Santos Reyes Nopala, quienes buscar\u00e1n alzarse con el triunfo en la categor\u00eda Internacional.<\/p>\n\n\n\n<p>Al respecto, Nathanael Lorenzo Hern\u00e1ndez, autor de la obra musical y director del programa Somos Comunidad, Arte y Cultura, del Secretariado Ejecutivo del Sistema Estatal de Seguridad P\u00fablica que encabeza Karina Bar\u00f3n Ortiz, explic\u00f3 que este festival tiene como objetivo fomentar, promocionar y difundir la m\u00fasica folkl\u00f3rica boliviana, impulsando el desarrollo art\u00edstico y promoviendo el intercambio sociocultural de los pa\u00edses participantes.<\/p>\n\n\n\n<p>Dijo que es uno de los mayores acontecimientos musicales de las culturas populares y tradicionales, que permite expresar a int\u00e9rpretes y compositores su obra, saberes y sentimientos de su identidad cultural, por lo que expres\u00f3 sentirse muy orgulloso de que \u201cAmafka\u201d, el himno de paz, haya sido seleccionado.<\/p>\n\n\n\n<p>\u00abCuando grabamos \u2018Amafka\u2019 con los j\u00f3venes de la Direcci\u00f3n de Ejecuci\u00f3n de Medidas para Adolescentes (Dema) nunca pensamos que se fuera a representar a M\u00e9xico en un Festival Internacional como el de Bolivia\u00bb, asever\u00f3.<\/p>\n\n\n\n<p>\u201cAmafka\u201d, palabra chontal que se usa para bendecir y agradecer, fue seleccionada como la canci\u00f3n oficial del Programa de Paz del Gobierno de Oaxaca, que tiene como objetivo reconstruir el tejido social en las comunidades para lograr una convivencia libre de violencia.<\/p>\n\n\n\n<p>Y es que como lo dice la letra de este himno, este programa busca volver a la senda del di\u00e1logo y los acuerdos para lograr la transformaci\u00f3n de un Oaxaca con paz, progreso y bienestar.<\/p>\n\n\n\n<p>LOS CHATINOS&nbsp;<\/p>\n\n\n\n<p>Por su parte, el director de la orquesta tradicional \u201cLos Tejones Nee Bya\u201d, Reydavid Galv\u00e1n Quintas, precis\u00f3 que esta agrupaci\u00f3n fue creada el 16 de noviembre de 2021, con el objetivo de preservar y revitalizar la m\u00fasica original de la comunidad de Santos Reyes Nopala, perteneciente a la etnia Chatina.<\/p>\n\n\n\n<p>Indic\u00f3 que la agrupaci\u00f3n oaxaque\u00f1a fusiona los delicados sonidos de la instrumentaci\u00f3n de cuerdas y de metales, y actualmente est\u00e1 compuesta por 12 elementos, todos j\u00f3venes mayores de 18 a\u00f1os.<\/p>\n\n\n\n<p>\u00abNuestro objetivo es muy claro, la m\u00fasica como fuente de inspiraci\u00f3n para poder tener una sociedad m\u00e1s culta, como herramienta para estrechar lazos de amor, paz, prosperidad y humildad entre todas las naciones\u00bb, expres\u00f3.<\/p>\n\n\n\n<p>Cabe precisar que el XXX Festival Nacional de la Canci\u00f3n Boliviana Aqu\u00ed\u2026 Canta Bolivia se desarrollar\u00e1 los d\u00edas 30 de noviembre, 1 y 2 diciembre en la ciudad de Oruro, Bolivia.<\/p>\n","protected":false},"excerpt":{"rendered":"<p>Redacci\u00f3n\/Zona Roja.&nbsp; Oaxaca de Ju\u00e1rez, Oax. 27 de noviembre de 2023.- El himno de paz&hellip;<\/p>\n","protected":false},"author":2,"featured_media":62553,"comment_status":"closed","ping_status":"open","sticky":false,"template":"","format":"standard","meta":{"_lmt_disableupdate":"","_lmt_disable":"","_jetpack_memberships_contains_paid_content":false,"footnotes":""},"categories":[109,46],"tags":[1460],"class_list":["post-62552","post","type-post","status-publish","format-standard","has-post-thumbnail","hentry","category-minuto-a-minuto","category-zona-blanca","tag-nathanael-lorenzo-hernandez"],"jetpack_featured_media_url":"https:\/\/zonaroja.com.mx\/wp-content\/uploads\/2023\/11\/Amafka-himno-SESESP-Nathanael-Lorenzo.jpg","jetpack_sharing_enabled":true,"_links":{"self":[{"href":"https:\/\/zonaroja.com.mx\/index.php?rest_route=\/wp\/v2\/posts\/62552","targetHints":{"allow":["GET"]}}],"collection":[{"href":"https:\/\/zonaroja.com.mx\/index.php?rest_route=\/wp\/v2\/posts"}],"about":[{"href":"https:\/\/zonaroja.com.mx\/index.php?rest_route=\/wp\/v2\/types\/post"}],"author":[{"embeddable":true,"href":"https:\/\/zonaroja.com.mx\/index.php?rest_route=\/wp\/v2\/users\/2"}],"replies":[{"embeddable":true,"href":"https:\/\/zonaroja.com.mx\/index.php?rest_route=%2Fwp%2Fv2%2Fcomments&post=62552"}],"version-history":[{"count":1,"href":"https:\/\/zonaroja.com.mx\/index.php?rest_route=\/wp\/v2\/posts\/62552\/revisions"}],"predecessor-version":[{"id":62554,"href":"https:\/\/zonaroja.com.mx\/index.php?rest_route=\/wp\/v2\/posts\/62552\/revisions\/62554"}],"wp:featuredmedia":[{"embeddable":true,"href":"https:\/\/zonaroja.com.mx\/index.php?rest_route=\/wp\/v2\/media\/62553"}],"wp:attachment":[{"href":"https:\/\/zonaroja.com.mx\/index.php?rest_route=%2Fwp%2Fv2%2Fmedia&parent=62552"}],"wp:term":[{"taxonomy":"category","embeddable":true,"href":"https:\/\/zonaroja.com.mx\/index.php?rest_route=%2Fwp%2Fv2%2Fcategories&post=62552"},{"taxonomy":"post_tag","embeddable":true,"href":"https:\/\/zonaroja.com.mx\/index.php?rest_route=%2Fwp%2Fv2%2Ftags&post=62552"}],"curies":[{"name":"wp","href":"https:\/\/api.w.org\/{rel}","templated":true}]}}