{"id":62555,"date":"2023-11-27T07:32:03","date_gmt":"2023-11-27T13:32:03","guid":{"rendered":"http:\/\/www.zonaroja.com.mx\/?p=62555"},"modified":"2023-11-27T07:32:07","modified_gmt":"2023-11-27T13:32:07","slug":"opinion-rector-de-furibundo-muratista-a-renovado-morenista","status":"publish","type":"post","link":"https:\/\/zonaroja.com.mx\/?p=62555","title":{"rendered":"Opini\u00f3n. Rector: de furibundo muratista a renovado morenista"},"content":{"rendered":"\n<p>Ismael Garc\u00eda M.\/Zona Roja.<\/p>\n\n\n\n<p>Oaxaca de Ju\u00e1rez, Oax., a 27 de noviembre de 2023.- Ni siquiera ha cumplido los dos a\u00f1os en la Rector\u00eda de la UABJO, impuesto por los priistas Alejandro Murat y Jos\u00e9 Manuel Vera Salinas, y ya Cristian \u00c9der Carre\u00f1o, de la mano del morenista No\u00e9 Jara Cruz, se autorreeligi\u00f3 por otros dos a\u00f1os.<\/p>\n\n\n\n<p>S\u00ed, es el mismo que limpiaba las cuentas del Secretariado Ejecutivo del Sistema Estatal de Seguridad P\u00fablica del sexenio anterior &#8211;y de otros municipios y gobiernos&#8211; , por lo cual mantiene una larga amistad y de negocios con Vera Salinas; es el mismo que ahora, sin importar el monto del recurso institucional, \u201cconvenci\u00f3\u201d al Consejo Universitario para seguir otros dos a\u00f1os al frente de la Universidad, as\u00ed se haya pasado por encima la Ley Org\u00e1nica.<\/p>\n\n\n\n<p>S\u00ed, es el mismo que no ocultaba sus ligas con Vera Salinas y con Alejandro Murat a la hora de prestar \u201cporros\u201d para la causa que fuere, as\u00ed sean actos pol\u00edticos; s\u00ed, es el mismo que ahora presta \u201cporros\u201d para actos del partido cuyo lema es \u201cNo robar, no mentir y no traicionar al pueblo\u201d.<\/p>\n\n\n\n<p>Ech\u00f3 a pelear a la familia del cacique mayor de la UABJO, Abraham Mart\u00ednez Alav\u00e9s, y no le import\u00f3 generar pleitos, con tal de presentarse ante el gobernador Salom\u00f3n Jara Cruz, v\u00eda recomendaci\u00f3n de No\u00e9, como el id\u00f3neo para mantener la calma universitaria\u2026 lo que est\u00e1 por verse.<\/p>\n\n\n\n<p>REELECCI\u00d3N ILEGAL<\/p>\n\n\n\n<p>En a\u00f1o y medio, Cristian \u00c9der Carre\u00f1o no ha hecho absolutamente nada por la Universidad, m\u00e1s que relaciones pol\u00edticas y acercamiento de puertas abiertas con los morenistas, con tal de congraciarse con ellos y tratar de quitarse el tufo priista.<\/p>\n\n\n\n<p>La \u00fanica obra que se le recuerda es la colocaci\u00f3n de torniquetes en los accesos principales a Ciudad Universitaria\u2026 pero desde que los colocaron hace meses, no sirven.<\/p>\n\n\n\n<p>Como se ha rese\u00f1ado en este espacio, fue Abraham Mart\u00ednez Alav\u00e9s quien presion\u00f3 al grupo universitario de su hijo Eduardo Mart\u00ednez Helmes, para que dejara el poder, cuya rector\u00eda presid\u00eda Eduardo Bautista Mart\u00ednez.<\/p>\n\n\n\n<p>Al no querer ceder el v\u00e1stago, el llamado \u201ccacique universitario\u201d presion\u00f3 de m\u00faltiples formas, incluyendo encarcelamiento para su hijo Eduardo, con aval de Murat, con tal de imponer \u00c9der Carre\u00f1o como rector por dos a\u00f1os, y a Abraham Mart\u00ednez Helmes como secretario General, con la mira de imponer a este \u00faltimo como rector por los siguientes cuatro a\u00f1os.<\/p>\n\n\n\n<p>As\u00ed fue como se consum\u00f3 la imposici\u00f3n, sin proceso electoral de por medio, como lo marca la ley, y \u00fanicamente bajo una supuesta sesi\u00f3n del Consejo Universitario.<\/p>\n\n\n\n<p>A principios de la semana pasada, a petici\u00f3n de No\u00e9 Jara, el gobernador Salom\u00f3n Jara recibi\u00f3 a Cristian \u00c9der Carre\u00f1o en el Palacio de Gobierno, junto con varios directores de escuelas y facultades de la UABJO; ah\u00ed se habr\u00eda consumado el \u201cdedazo\u201d.<\/p>\n\n\n\n<p>El mi\u00e9rcoles 22 de noviembre se comenz\u00f3 a divulgar un documento en que se convocaba a una sesi\u00f3n extraordinaria del m\u00e1ximo \u00f3rgano universitario y desde ah\u00ed ya se advert\u00eda la imposici\u00f3n:<\/p>\n\n\n\n<p>\u201c4.- Revisi\u00f3n, an\u00e1lisis y aprobaci\u00f3n del Honorable Consejo Universitario acerca del encargo del Licenciado en Contadur\u00eda P\u00fablica Cristian \u00c9der Carre\u00f1o L\u00f3pez como Rector Sustituto de la Universidad Aut\u00f3noma \u2018Benito Ju\u00e1rez\u00b4 de Oaxaca\u201d.<\/p>\n\n\n\n<p>Y fue el pasado viernes 24 de noviembre finalmente en que, a puerta cerrada, en la Facultad de Arquitectura 5 de Mayo del centro de la ciudad, se llev\u00f3 a cabo la supuesta asamblea del Consejo Universitario, para la reelecci\u00f3n.<\/p>\n\n\n\n<p>LA LEY<\/p>\n\n\n\n<p>De acuerdo con el art\u00edculo 47 de la Ley Org\u00e1nica, \u201cEl rector interino concluir\u00e1 el periodo de rector ausente. Si la ausencia ocurre despu\u00e9s de tal periodo, el Consejo Universitario designar\u00e1 rector sustituto, quien terminar\u00e1 el periodo correspondiente\u201d.<\/p>\n\n\n\n<p>El art\u00edculo 48 refiere: \u201cQuien haya desempe\u00f1ado el cargo de rector en las circunstancias previstas en el art\u00edculo anterior, en ning\u00fan caso y por ning\u00fan caso podr\u00e1 volver a desempe\u00f1ar ese cargo en el periodo inmediato sucesivo\u201d.<\/p>\n\n\n\n<p>As\u00ed que Cristian \u00c9der Carre\u00f1o lleva dos violaciones a la Ley Org\u00e1nica de la UABJO; la primera al promover su elecci\u00f3n hace a\u00f1o y medio sin proceso electoral de por medio, menospreciando el voto universal de los universitarios.<\/p>\n\n\n\n<p>La segunda, el viernes pasado, en que \u201cconvenci\u00f3\u201d a la mayor\u00eda de consejeros universitarios para seguir en el cargo por otros dos a\u00f1os, tambi\u00e9n sin proceso electoral, y sin que haya cumplido el lapso por el cual fue electo, pero adem\u00e1s, violando la Ley Org\u00e1nica.<\/p>\n\n\n\n<p>LOS PLEITOS<\/p>\n\n\n\n<p>La reelecci\u00f3n en la rector\u00eda ha sido precedida de pleitos, como las amenazas contra la hija de Abraham Mart\u00ednez Alav\u00e9s, Roc\u00edo, actual directora de la Facultad de Derecho y Ciencias Sociales.<\/p>\n\n\n\n<p>Como el pleito del patriarca y divisi\u00f3n de la familia a causa del subsecretario en la Secretar\u00eda de Gobierno, Carlos Perezcampos Mayoral, esposo de Roc\u00edo Mart\u00ednez Helmes, quien confirm\u00f3 por escrito que lo recomend\u00f3 para ser funcionario en el gobierno de Salom\u00f3n Jara.<\/p>\n\n\n\n<p>Como el creciente n\u00famero de \u201cporros\u201d &#8211;y de espacios&#8211; que Carre\u00f1o L\u00f3pez ha \u201cprestado\u201d a quien se lo solicite, incluido para eventos pol\u00edticos, como fue el caso del informe del diputado Luis Alfonso Silva Romo y luego del mandatario estatal, en que incluso se usaron autobuses oficiales universitarios.<\/p>\n\n\n\n<p>Como la denuncia desde hace varias semanas en contra de la directora de la Facultad de Bellas Artes, que deriv\u00f3 la semana pasada en protestas, y que no ha sido atendida por el rector.<\/p>\n\n\n\n<p>Indudablemente que no todo es miel sobre hojuelas en la m\u00e1xima casa de estudios de Oaxaca y apenas viene la reacci\u00f3n de los sindicatos, con el pretexto de las revisiones salariales y contractuales.<\/p>\n\n\n\n<p>Y Abraham Mart\u00ednez Alav\u00e9s, que dijo que se retiraba en definitiva de su participaci\u00f3n en la UABJO, como virtual cacique, no se ha ido, ni se ir\u00e1. Est\u00e1 a la caza de una nueva oportunidad de imponer a Abraham Mart\u00ednez Helmes como rector. Y podr\u00eda ser antes de que culminen los otros dos a\u00f1os de Cristian \u00c9der Carre\u00f1o.<\/p>\n","protected":false},"excerpt":{"rendered":"<p>Ismael Garc\u00eda M.\/Zona Roja. Oaxaca de Ju\u00e1rez, Oax., a 27 de noviembre de 2023.- Ni&hellip;<\/p>\n","protected":false},"author":2,"featured_media":41735,"comment_status":"closed","ping_status":"open","sticky":false,"template":"","format":"standard","meta":{"_lmt_disableupdate":"","_lmt_disable":"","_jetpack_memberships_contains_paid_content":false,"footnotes":""},"categories":[456,109,48],"tags":[1353],"class_list":["post-62555","post","type-post","status-publish","format-standard","has-post-thumbnail","hentry","category-columna","category-minuto-a-minuto","category-zona-critica","tag-opinion-zona-critica"],"jetpack_featured_media_url":"https:\/\/zonaroja.com.mx\/wp-content\/uploads\/2022\/05\/Opinion-Ismael-Garcia-M.jpg","jetpack_sharing_enabled":true,"_links":{"self":[{"href":"https:\/\/zonaroja.com.mx\/index.php?rest_route=\/wp\/v2\/posts\/62555","targetHints":{"allow":["GET"]}}],"collection":[{"href":"https:\/\/zonaroja.com.mx\/index.php?rest_route=\/wp\/v2\/posts"}],"about":[{"href":"https:\/\/zonaroja.com.mx\/index.php?rest_route=\/wp\/v2\/types\/post"}],"author":[{"embeddable":true,"href":"https:\/\/zonaroja.com.mx\/index.php?rest_route=\/wp\/v2\/users\/2"}],"replies":[{"embeddable":true,"href":"https:\/\/zonaroja.com.mx\/index.php?rest_route=%2Fwp%2Fv2%2Fcomments&post=62555"}],"version-history":[{"count":1,"href":"https:\/\/zonaroja.com.mx\/index.php?rest_route=\/wp\/v2\/posts\/62555\/revisions"}],"predecessor-version":[{"id":62556,"href":"https:\/\/zonaroja.com.mx\/index.php?rest_route=\/wp\/v2\/posts\/62555\/revisions\/62556"}],"wp:featuredmedia":[{"embeddable":true,"href":"https:\/\/zonaroja.com.mx\/index.php?rest_route=\/wp\/v2\/media\/41735"}],"wp:attachment":[{"href":"https:\/\/zonaroja.com.mx\/index.php?rest_route=%2Fwp%2Fv2%2Fmedia&parent=62555"}],"wp:term":[{"taxonomy":"category","embeddable":true,"href":"https:\/\/zonaroja.com.mx\/index.php?rest_route=%2Fwp%2Fv2%2Fcategories&post=62555"},{"taxonomy":"post_tag","embeddable":true,"href":"https:\/\/zonaroja.com.mx\/index.php?rest_route=%2Fwp%2Fv2%2Ftags&post=62555"}],"curies":[{"name":"wp","href":"https:\/\/api.w.org\/{rel}","templated":true}]}}