{"id":62557,"date":"2023-11-27T08:14:32","date_gmt":"2023-11-27T14:14:32","guid":{"rendered":"http:\/\/www.zonaroja.com.mx\/?p=62557"},"modified":"2023-11-27T08:14:34","modified_gmt":"2023-11-27T14:14:34","slug":"y-ahora-hasta-a-los-militares-ataca-el-crimen-organizado-en-chiapas-un-muerto","status":"publish","type":"post","link":"https:\/\/zonaroja.com.mx\/?p=62557","title":{"rendered":"Y ahora hasta a los militares ataca el crimen organizado en Chiapas; un muerto"},"content":{"rendered":"\n<p>Redacci\u00f3n\/Zona Roja Cdmx.<\/p>\n\n\n\n<p>Ciudad de M\u00e9xico, a 27 de noviembre de 2023.- En Chiapas, un elemento del Ej\u00e9rcito mexicano muri\u00f3 y dos m\u00e1s resultaron con heridas de arma de fuego, durante una emboscada ocurrida la madrugada de este domingo en el municipio de Maravilla Tenejapa.<\/p>\n\n\n\n<p>Los hechos ocurrieron cuando los elementos de la Secretar\u00eda de la Defensa Nacional realizaban un recorrido en aquella regi\u00f3n en los l\u00edmites con Guatemala, a la altura de las comunidades Loma Bonita y Guadalupe Miramar.<\/p>\n\n\n\n<p>En el reporte policial se se\u00f1ala que los militares fueron atacados por integrantes de la delincuencia organizada desde lo alto de un cerro, a pesar de repeler la agresi\u00f3n, uno de los elementos muri\u00f3 y dos m\u00e1s resultaron lesionados.<\/p>\n\n\n\n<p>Los soldados realizaban recorridos en caminos rurales para ubicar al presidente municipal, Zoel L\u00f3pez Guti\u00e9rrez y su secretario municipal, presuntamente secuestrados por un grupo de civiles armados desde el pasado viernes. Sin embargo, hasta el momento ni la Fiscal\u00eda del Estado, ni la Secretar\u00eda de Gobierno de Chiapas, han confirmado el plagio.<\/p>\n\n\n\n<p>Hace cinco d\u00edas, en ese municipio se localiz\u00f3 el cuerpo de dos personas en el tramo carretero de la cabecera municipal a la altura de la comunidad de Punta Flor y un mensaje con amenazas al l\u00edder de las autodefensas comunitarias de esa regi\u00f3n fronteriza.<\/p>\n\n\n\n<p>(Informaci\u00f3n de NMasNoticias)<\/p>\n","protected":false},"excerpt":{"rendered":"<p>Redacci\u00f3n\/Zona Roja Cdmx. Ciudad de M\u00e9xico, a 27 de noviembre de 2023.- En Chiapas, un&hellip;<\/p>\n","protected":false},"author":2,"featured_media":62558,"comment_status":"closed","ping_status":"open","sticky":false,"template":"","format":"standard","meta":{"_lmt_disableupdate":"","_lmt_disable":"","_jetpack_memberships_contains_paid_content":false,"footnotes":""},"categories":[109,47],"tags":[3686],"class_list":["post-62557","post","type-post","status-publish","format-standard","has-post-thumbnail","hentry","category-minuto-a-minuto","category-zona-gris","tag-crimen-organizado-en-chiapas"],"jetpack_featured_media_url":"https:\/\/zonaroja.com.mx\/wp-content\/uploads\/2023\/11\/Ataque-armado-militares-Chiapas.jpg","jetpack_sharing_enabled":true,"_links":{"self":[{"href":"https:\/\/zonaroja.com.mx\/index.php?rest_route=\/wp\/v2\/posts\/62557","targetHints":{"allow":["GET"]}}],"collection":[{"href":"https:\/\/zonaroja.com.mx\/index.php?rest_route=\/wp\/v2\/posts"}],"about":[{"href":"https:\/\/zonaroja.com.mx\/index.php?rest_route=\/wp\/v2\/types\/post"}],"author":[{"embeddable":true,"href":"https:\/\/zonaroja.com.mx\/index.php?rest_route=\/wp\/v2\/users\/2"}],"replies":[{"embeddable":true,"href":"https:\/\/zonaroja.com.mx\/index.php?rest_route=%2Fwp%2Fv2%2Fcomments&post=62557"}],"version-history":[{"count":1,"href":"https:\/\/zonaroja.com.mx\/index.php?rest_route=\/wp\/v2\/posts\/62557\/revisions"}],"predecessor-version":[{"id":62559,"href":"https:\/\/zonaroja.com.mx\/index.php?rest_route=\/wp\/v2\/posts\/62557\/revisions\/62559"}],"wp:featuredmedia":[{"embeddable":true,"href":"https:\/\/zonaroja.com.mx\/index.php?rest_route=\/wp\/v2\/media\/62558"}],"wp:attachment":[{"href":"https:\/\/zonaroja.com.mx\/index.php?rest_route=%2Fwp%2Fv2%2Fmedia&parent=62557"}],"wp:term":[{"taxonomy":"category","embeddable":true,"href":"https:\/\/zonaroja.com.mx\/index.php?rest_route=%2Fwp%2Fv2%2Fcategories&post=62557"},{"taxonomy":"post_tag","embeddable":true,"href":"https:\/\/zonaroja.com.mx\/index.php?rest_route=%2Fwp%2Fv2%2Ftags&post=62557"}],"curies":[{"name":"wp","href":"https:\/\/api.w.org\/{rel}","templated":true}]}}