{"id":62566,"date":"2023-11-27T16:08:33","date_gmt":"2023-11-27T22:08:33","guid":{"rendered":"http:\/\/www.zonaroja.com.mx\/?p=62566"},"modified":"2023-11-27T16:08:34","modified_gmt":"2023-11-27T22:08:34","slug":"crea-gobierno-de-oaxaca-grupo-de-inteligencia-para-atencion-de-lios-agrarios","status":"publish","type":"post","link":"https:\/\/zonaroja.com.mx\/?p=62566","title":{"rendered":"Crea gobierno de Oaxaca Grupo de Inteligencia para atenci\u00f3n de l\u00edos agrarios"},"content":{"rendered":"\n<p>Yuridiana Sosa\/Zona Roja.<\/p>\n\n\n\n<p>Oaxaca de Ju\u00e1rez, Oax., a 27 de noviembre de 2023.- Derivado de los graves conflictos agrarios en Oaxaca y de los \u00faltimos dos que han dejado un saldo de 14 asesinados en emboscadas, el gobierno estatal y el federal conformaron el Grupo de Inteligencia y Coordinaci\u00f3n Agraria para la Paz en Territorio\u201d.<\/p>\n\n\n\n<p>En conferencia de prensa del gabinete de seguridad, este lunes, el secretario de Gobierno, Jes\u00fas Romero L\u00f3pez, anunci\u00f3 que como parte de este trabajo se integrar\u00e1 una comisi\u00f3n de trabajo interinstitucional para atender los conflictos agrarios, siendo 23 los graves hasta el momento.<\/p>\n\n\n\n<p>Entre las acciones centrales se plante\u00f3 la atenci\u00f3n a las causas, di\u00e1logo y conciliaci\u00f3n; otro ejes es el de seguridad, inteligencia y justicia, as\u00ed como el de &nbsp;coordinaci\u00f3n interinstitucional en materia agraria social federal.<\/p>\n\n\n\n<p>Romero L\u00f3pez apunt\u00f3 que han concluido que dentro de la conflictividad agraria \u201chay nuevos factores, mismos que requieren ya no solo del di\u00e1logo, sino de intervenci\u00f3n inmediata de acciones operativas en materia de seguridad y justicia\u201d.<\/p>\n\n\n\n<p>AGILIZAR INDAGATORIAS<\/p>\n\n\n\n<p>Al respecto, el titular de la Fiscal\u00eda General de Oaxaca, Bernardo Rodr\u00edguez Alamilla, indic\u00f3&nbsp; que se agilizar\u00e1n las carpetas de investigaciones existentes en las localidades en conflicto para frenar a los generadores de violencia.<\/p>\n\n\n\n<p>En las labores se contempla la instalaci\u00f3n de cordones de seguridad en zonas lim\u00edtrofes en conflicto, hasta la vigilancia a\u00e9rea, como ha sido en los dos sucesos violentos m\u00e1s recientes entre Santa Cruz y Santiago Mitlatongo, y en San Miguel El Grande y Llano de Guadalupe.<\/p>\n\n\n\n<p>Adem\u00e1s de filtros de seguridad en las entradas y salidas, como ocurre en las comunidades mencionadas, con el fin tambi\u00e9n de realizar el retiro de armas y conocer su origen.<\/p>\n\n\n\n<p>Otras de las acciones ser\u00e1n de inteligencia para conocer los agentes que intervienen con la paz social.<\/p>\n\n\n\n<p>El Gobierno del Estado anunci\u00f3 que tambi\u00e9n el uso de herramientas tecnol\u00f3gicas, como pueden ser el uso de drones de largo alcance e identificaci\u00f3n facial, mientras que en el tema de seguridad se instalar\u00e1n mayores patrullajes y se implementar\u00e1n veh\u00edculos todo terreno.<\/p>\n\n\n\n<p>LOS ANTECEDENTES<\/p>\n\n\n\n<p>Los l\u00edos entre Santa Cruz y Santiago Mitlatongo, y en San Miguel El Grande y Llano de Guadalupe, Tlaxiaco, con actualmente los casos m\u00e1s \u00e1lgidos, ambos de la regi\u00f3n Mixteca.<\/p>\n\n\n\n<p>El secretario de Gobierno, Jes\u00fas Romero, record\u00f3 que en 26 a\u00f1os de conflicto entre Santa Cruz Mitlatongo, de Magdalena Jaltepec,&nbsp; y Santiago Mitlatongo, han asesinado a 15 personas.<\/p>\n\n\n\n<p>Tan s\u00f3lo en la emboscada del pasado 25 de noviembre fallecieron nueve personas y cuatro resultaron lesionadas.<\/p>\n\n\n\n<p>Se\u00f1al\u00f3 que la lucha entre las comunidades es por m\u00e1s de mil 100 hect\u00e1reas, las cuales le pertenecen a Santa Cruz Mitlatongo, sin embargo, est\u00e1n en posesi\u00f3n de comuneros de Santiago Mitlatongo; &nbsp;ambas comunidades se disputan dos pol\u00edgonos que se encuentra en espera de sentencia ante el Tribunal Unitario de Huajuapan de Le\u00f3n.<\/p>\n\n\n\n<p>Romero L\u00f3pez dijo que en colaboraci\u00f3n con la Procuradur\u00eda Agraria y la representaci\u00f3n de la Secretar\u00eda de Gobierno en Oaxaca, el gobierno estatal ha logrado dirimir 18 conflictos en el primer a\u00f1o de gobierno.<\/p>\n","protected":false},"excerpt":{"rendered":"<p>Yuridiana Sosa\/Zona Roja. Oaxaca de Ju\u00e1rez, Oax., a 27 de noviembre de 2023.- Derivado de&hellip;<\/p>\n","protected":false},"author":2,"featured_media":62567,"comment_status":"closed","ping_status":"open","sticky":false,"template":"","format":"standard","meta":{"_lmt_disableupdate":"","_lmt_disable":"","_jetpack_memberships_contains_paid_content":false,"footnotes":""},"categories":[109,46],"tags":[1808],"class_list":["post-62566","post","type-post","status-publish","format-standard","has-post-thumbnail","hentry","category-minuto-a-minuto","category-zona-blanca","tag-gobierno-del-estado-de-oaxaca"],"jetpack_featured_media_url":"https:\/\/zonaroja.com.mx\/wp-content\/uploads\/2023\/11\/Conferencia-de-seguridad-gobierno-de-Oaxaca.jpg","jetpack_sharing_enabled":true,"_links":{"self":[{"href":"https:\/\/zonaroja.com.mx\/index.php?rest_route=\/wp\/v2\/posts\/62566","targetHints":{"allow":["GET"]}}],"collection":[{"href":"https:\/\/zonaroja.com.mx\/index.php?rest_route=\/wp\/v2\/posts"}],"about":[{"href":"https:\/\/zonaroja.com.mx\/index.php?rest_route=\/wp\/v2\/types\/post"}],"author":[{"embeddable":true,"href":"https:\/\/zonaroja.com.mx\/index.php?rest_route=\/wp\/v2\/users\/2"}],"replies":[{"embeddable":true,"href":"https:\/\/zonaroja.com.mx\/index.php?rest_route=%2Fwp%2Fv2%2Fcomments&post=62566"}],"version-history":[{"count":1,"href":"https:\/\/zonaroja.com.mx\/index.php?rest_route=\/wp\/v2\/posts\/62566\/revisions"}],"predecessor-version":[{"id":62568,"href":"https:\/\/zonaroja.com.mx\/index.php?rest_route=\/wp\/v2\/posts\/62566\/revisions\/62568"}],"wp:featuredmedia":[{"embeddable":true,"href":"https:\/\/zonaroja.com.mx\/index.php?rest_route=\/wp\/v2\/media\/62567"}],"wp:attachment":[{"href":"https:\/\/zonaroja.com.mx\/index.php?rest_route=%2Fwp%2Fv2%2Fmedia&parent=62566"}],"wp:term":[{"taxonomy":"category","embeddable":true,"href":"https:\/\/zonaroja.com.mx\/index.php?rest_route=%2Fwp%2Fv2%2Fcategories&post=62566"},{"taxonomy":"post_tag","embeddable":true,"href":"https:\/\/zonaroja.com.mx\/index.php?rest_route=%2Fwp%2Fv2%2Ftags&post=62566"}],"curies":[{"name":"wp","href":"https:\/\/api.w.org\/{rel}","templated":true}]}}