{"id":62569,"date":"2023-11-27T19:04:04","date_gmt":"2023-11-28T01:04:04","guid":{"rendered":"http:\/\/www.zonaroja.com.mx\/?p=62569"},"modified":"2023-11-27T19:04:05","modified_gmt":"2023-11-28T01:04:05","slug":"ejecutan-a-abogado-en-jamiltepec-tras-salir-de-una-audiencia","status":"publish","type":"post","link":"https:\/\/zonaroja.com.mx\/?p=62569","title":{"rendered":"Ejecutan a abogado en Jamiltepec, tras salir de una audiencia"},"content":{"rendered":"\n<p>Redacci\u00f3n\/Zona Roja.<\/p>\n\n\n\n<p>Oaxaca de Ju\u00e1rez, Oax., a 27 de noviembre de 2023.- Un abogado fue ejecutado a balazos luego de salir de una audiencia judicial, en Santiago Jamiltepec, municipio de la regi\u00f3n Costa de Oaxaca.<\/p>\n\n\n\n<p>El crimen se perpetr\u00f3 alrededor de las 14:00 horas y la v\u00edctima fue identificada como Te\u00f3filo P. C., quien era licenciado en Derecho y llevaba a cabo un juicio, fue acribillado cuando sal\u00eda del Juzgado Mixto del Poder Judicial del Estado.<\/p>\n\n\n\n<p>Hasta el momento se desconoce el m\u00f3vil del crimen y pese a que eran oficinas judiciales, no hab\u00eda ni polic\u00edas municipales ni estatales en la zona para detener a los agresores.<\/p>\n\n\n\n<p>La Vicefiscal\u00eda Regional de la Costa, dependiente de la Fiscal\u00eda General del Estado, inici\u00f3 la carpeta de investigaci\u00f3n correspondiente, para dar con el paradero de los criminales.<\/p>\n\n\n\n<p>ASALTO VIOLENTO<\/p>\n\n\n\n<p>Por otra parte, un grupo armado asalt\u00f3 con violencia a los pasajeros y el chofer de una camioneta de pasaje tipo Urvan, en la carretera Teotitl\u00e1n de Flores Mag\u00f3n-Tehuac\u00e1n, Puebla.<\/p>\n\n\n\n<p>La unidad de motor era de la l\u00ednea Transportes Tur\u00edsticos Regionales y fue interceptada a la altura de la comunidad de San Jos\u00e9 Tilapa; tras amagar a los ocupantes, les quitaron todas sus pertenencias, le dieron un cachazo al conductor y huyeron en su veh\u00edculo, una camioneta de color rojo y varias motocicletas.<\/p>\n\n\n\n<p>Adem\u00e1s, se llevaron la camioneta tipo Urvan y dejaron a los pasajeros tirados en la carretera.<\/p>\n","protected":false},"excerpt":{"rendered":"<p>Redacci\u00f3n\/Zona Roja. Oaxaca de Ju\u00e1rez, Oax., a 27 de noviembre de 2023.- Un abogado fue&hellip;<\/p>\n","protected":false},"author":2,"featured_media":62570,"comment_status":"closed","ping_status":"open","sticky":false,"template":"","format":"standard","meta":{"_lmt_disableupdate":"","_lmt_disable":"","_jetpack_memberships_contains_paid_content":false,"footnotes":""},"categories":[109,51],"tags":[797],"class_list":["post-62569","post","type-post","status-publish","format-standard","has-post-thumbnail","hentry","category-minuto-a-minuto","category-zona-roja","tag-santiago-jamiltepec"],"jetpack_featured_media_url":"https:\/\/zonaroja.com.mx\/wp-content\/uploads\/2023\/11\/Ejecutado-Santiago-Jamiltepec.jpg","jetpack_sharing_enabled":true,"_links":{"self":[{"href":"https:\/\/zonaroja.com.mx\/index.php?rest_route=\/wp\/v2\/posts\/62569","targetHints":{"allow":["GET"]}}],"collection":[{"href":"https:\/\/zonaroja.com.mx\/index.php?rest_route=\/wp\/v2\/posts"}],"about":[{"href":"https:\/\/zonaroja.com.mx\/index.php?rest_route=\/wp\/v2\/types\/post"}],"author":[{"embeddable":true,"href":"https:\/\/zonaroja.com.mx\/index.php?rest_route=\/wp\/v2\/users\/2"}],"replies":[{"embeddable":true,"href":"https:\/\/zonaroja.com.mx\/index.php?rest_route=%2Fwp%2Fv2%2Fcomments&post=62569"}],"version-history":[{"count":1,"href":"https:\/\/zonaroja.com.mx\/index.php?rest_route=\/wp\/v2\/posts\/62569\/revisions"}],"predecessor-version":[{"id":62571,"href":"https:\/\/zonaroja.com.mx\/index.php?rest_route=\/wp\/v2\/posts\/62569\/revisions\/62571"}],"wp:featuredmedia":[{"embeddable":true,"href":"https:\/\/zonaroja.com.mx\/index.php?rest_route=\/wp\/v2\/media\/62570"}],"wp:attachment":[{"href":"https:\/\/zonaroja.com.mx\/index.php?rest_route=%2Fwp%2Fv2%2Fmedia&parent=62569"}],"wp:term":[{"taxonomy":"category","embeddable":true,"href":"https:\/\/zonaroja.com.mx\/index.php?rest_route=%2Fwp%2Fv2%2Fcategories&post=62569"},{"taxonomy":"post_tag","embeddable":true,"href":"https:\/\/zonaroja.com.mx\/index.php?rest_route=%2Fwp%2Fv2%2Ftags&post=62569"}],"curies":[{"name":"wp","href":"https:\/\/api.w.org\/{rel}","templated":true}]}}