{"id":62572,"date":"2023-11-27T19:42:53","date_gmt":"2023-11-28T01:42:53","guid":{"rendered":"http:\/\/www.zonaroja.com.mx\/?p=62572"},"modified":"2023-11-27T19:42:55","modified_gmt":"2023-11-28T01:42:55","slug":"mantiene-oaxaca-liderazgo-en-informalidad-laboral-rumbo-al-cierre-del-2023-inegi","status":"publish","type":"post","link":"https:\/\/zonaroja.com.mx\/?p=62572","title":{"rendered":"Mantiene Oaxaca liderazgo en informalidad laboral rumbo al cierre del 2023: Inegi"},"content":{"rendered":"\n<p>Yuridiana Sosa\/Zona Roja.<\/p>\n\n\n\n<p>Oaxaca de Ju\u00e1rez, Oax., a 27 de noviembre de 2023.- Una vez m\u00e1s, la entidad oaxaque\u00f1a se coloc\u00f3 en primer lugar nacional por mantener la tasa m\u00e1s alta de informalidad laboral, durante el tercer trimestre del a\u00f1o, con el 81.5 por ciento, report\u00f3 el Instituto Nacional de Estad\u00edstica y Geograf\u00eda.<\/p>\n\n\n\n<p>La Encuesta Nacional de Ocupaci\u00f3n y Empleo (ENOE) detall\u00f3 que despu\u00e9s de Oaxaca se posicion\u00f3 &nbsp;Guerrero con 77.4 por ciento y Chiapas, 75.4 por ciento, mientras que el porcentaje de personas ocupadas fue mayor en Guerrero con el 98.9 por ciento; Campeche, &nbsp;98.2 por ciento y&nbsp; Oaxaca, 98.1 por ciento.<\/p>\n\n\n\n<p>Por tanto, la tasa de desocupaci\u00f3n para el estado oaxaque\u00f1o fue la tercera m\u00e1s baja en el pa\u00eds, con el 1.9 por ciento, s\u00f3lo por debajo de Guerrero, de 1.1 por ciento y Campeche 1.8&nbsp; por ciento.<\/p>\n\n\n\n<p>Respecto a las \u00e1reas urbanas, la ENOE report\u00f3 que Oaxaca se encuentra entre las ciudades de menor desocupaci\u00f3n. En esta lista se ubican Acapulco, Veracruz, Tijuana, Cuernavaca, M\u00e9rida, Campeche, Colima, Ciudad Ju\u00e1rez, Oaxaca, Ciudad del Carmen, Morelia, Mexicali, Hermosillo, La Paz, Zacatecas y Tepic.<\/p>\n\n\n\n<p>En ese sentido, los niveles m\u00e1s altos de ocupaci\u00f3n en la informalidad se presentaron en Tlaxcala, con el 67.5 por ciento; Acapulco, 61.8 por ciento y Oaxaca, 58.9 por ciento.<\/p>\n\n\n\n<p>A DETALLE<\/p>\n\n\n\n<p>El Inegi precis\u00f3 que en Oaxaca la tasa de participaci\u00f3n econ\u00f3mica fue de 61.7 por ciento de la poblaci\u00f3n en edad para trabajar, lo que significa una aumento del 0.5 puntos porcentuales respecto al tercer trimestre de 2022.<\/p>\n\n\n\n<p>La Poblaci\u00f3n Econ\u00f3micamente Activa (PEA) tambi\u00e9n aument\u00f3 entre un periodo y otro, al pasar de un mill\u00f3n&nbsp;920 mil 622 a un mill\u00f3n&nbsp;981 mil 520 personas.<\/p>\n\n\n\n<p>Respecto a la ocupaci\u00f3n por sexo, los varones siguen siendo m\u00e1s que las mujeres, con el 98.6 por ciento, sobre el 97.4 por ciento de mujeres.<\/p>\n\n\n\n<p>NACIONAL<\/p>\n\n\n\n<p>Rumbo al cierre del 2023, en el tercer trimestre, la Poblaci\u00f3n Econ\u00f3micamente Activa (PEA) del pa\u00eds, aument\u00f3 en 1.5 millones respecto al tercer trimestre de 2022.<\/p>\n\n\n\n<p>Un total de 59.2 millones de personas se encontraban ocupadas, 1.7 millones m\u00e1s en relaci\u00f3n con el tercer trimestre de 2022. A su vez, la poblaci\u00f3n ocupada en los micronegocios creci\u00f3 y la poblaci\u00f3n subocupada fue de 4.7 millones de personas y represent\u00f3 ocho por ciento de la poblaci\u00f3n ocupada, porcentaje menor al del tercer trimestre de 2022.<\/p>\n","protected":false},"excerpt":{"rendered":"<p>Yuridiana Sosa\/Zona Roja. Oaxaca de Ju\u00e1rez, Oax., a 27 de noviembre de 2023.- Una vez&hellip;<\/p>\n","protected":false},"author":2,"featured_media":62573,"comment_status":"closed","ping_status":"open","sticky":false,"template":"","format":"standard","meta":{"_lmt_disableupdate":"","_lmt_disable":"","_jetpack_memberships_contains_paid_content":false,"footnotes":""},"categories":[109,47],"tags":[1702],"class_list":["post-62572","post","type-post","status-publish","format-standard","has-post-thumbnail","hentry","category-minuto-a-minuto","category-zona-gris","tag-encuesta-nacional-de-ocupacion-y-empleo-enoe"],"jetpack_featured_media_url":"https:\/\/zonaroja.com.mx\/wp-content\/uploads\/2023\/11\/Ambulantes-ciudad-de-Oaxaca.jpg","jetpack_sharing_enabled":true,"_links":{"self":[{"href":"https:\/\/zonaroja.com.mx\/index.php?rest_route=\/wp\/v2\/posts\/62572","targetHints":{"allow":["GET"]}}],"collection":[{"href":"https:\/\/zonaroja.com.mx\/index.php?rest_route=\/wp\/v2\/posts"}],"about":[{"href":"https:\/\/zonaroja.com.mx\/index.php?rest_route=\/wp\/v2\/types\/post"}],"author":[{"embeddable":true,"href":"https:\/\/zonaroja.com.mx\/index.php?rest_route=\/wp\/v2\/users\/2"}],"replies":[{"embeddable":true,"href":"https:\/\/zonaroja.com.mx\/index.php?rest_route=%2Fwp%2Fv2%2Fcomments&post=62572"}],"version-history":[{"count":1,"href":"https:\/\/zonaroja.com.mx\/index.php?rest_route=\/wp\/v2\/posts\/62572\/revisions"}],"predecessor-version":[{"id":62574,"href":"https:\/\/zonaroja.com.mx\/index.php?rest_route=\/wp\/v2\/posts\/62572\/revisions\/62574"}],"wp:featuredmedia":[{"embeddable":true,"href":"https:\/\/zonaroja.com.mx\/index.php?rest_route=\/wp\/v2\/media\/62573"}],"wp:attachment":[{"href":"https:\/\/zonaroja.com.mx\/index.php?rest_route=%2Fwp%2Fv2%2Fmedia&parent=62572"}],"wp:term":[{"taxonomy":"category","embeddable":true,"href":"https:\/\/zonaroja.com.mx\/index.php?rest_route=%2Fwp%2Fv2%2Fcategories&post=62572"},{"taxonomy":"post_tag","embeddable":true,"href":"https:\/\/zonaroja.com.mx\/index.php?rest_route=%2Fwp%2Fv2%2Ftags&post=62572"}],"curies":[{"name":"wp","href":"https:\/\/api.w.org\/{rel}","templated":true}]}}