{"id":62575,"date":"2023-11-27T20:15:37","date_gmt":"2023-11-28T02:15:37","guid":{"rendered":"http:\/\/www.zonaroja.com.mx\/?p=62575"},"modified":"2023-11-27T20:15:39","modified_gmt":"2023-11-28T02:15:39","slug":"cuatro-comunidades-del-bajo-mixe-de-oaxaca-estan-aisladas-desde-hace-dos-semanas","status":"publish","type":"post","link":"https:\/\/zonaroja.com.mx\/?p=62575","title":{"rendered":"Cuatro comunidades del Bajo Mixe de Oaxaca est\u00e1n aisladas desde hace dos semanas"},"content":{"rendered":"\n<p>Ismael Garc\u00eda M.\/Zona Roja.<\/p>\n\n\n\n<p>Oaxaca de Ju\u00e1rez, Oax., a 27 de noviembre de 2023.- Cuatro comunidades del Bajo Mixe de Oaxaca se encuentra aisladas desde hace dos semanas, debido a que les trozaron los caminos y los cables y postes de energ\u00eda el\u00e9ctrica, desde el 23 de noviembre.<\/p>\n\n\n\n<p>Se trata de la cabecera San Juan Cotzoc\u00f3n y sus agencias Santa Mar\u00eda Puxmetac\u00e1n, Santa Mar\u00eda Matamoros y San Juan Otzolotepec, quienes urgieron la intervenci\u00f3n de la Defensor\u00eda de los Derechos Humanos del Pueblo de Oaxaca.<\/p>\n\n\n\n<p>De acuerdo con el representante jur\u00eddico de la Asamblea de Pueblos Ind\u00edgenas, Ericel Reyes Morales, los responsables son el coordinador de Delegados de Paz, Donato Vargas, y el diputado local por Morena, Pablo D\u00edaz, quienes azuzan a vecinos de Jaltepec de Candayoc para sitiar a sus vecinos.<\/p>\n\n\n\n<p>Lo anterior, con la finalidad de obligarlos a comulgar con el proyecto morenista y sus pr\u00f3ximos candidatos, pese a que dichos pueblos se rigen por usos y costumbres, denunciaron las autoridades auxiliares y su representante.<\/p>\n\n\n\n<p>En conferencia de prensa en la sede de la Defensor\u00eda, luego de ser recibidos para presentar una queja, expusieron que a la fecha padecen escasez de v\u00edveres.<\/p>\n\n\n\n<p>Asimismo, no hay medicinas y m\u00e9dicos para atender a la poblaci\u00f3n vulnerable, como es el caso de menores de edad y adultos mayores; asimismo, los maestros no est\u00e1n llegando a impartir clases, debido a que no hay acceso carretero.<\/p>\n\n\n\n<p>La \u00fanica v\u00eda, hasta ahora, es pasar por un r\u00edo, pero con el riesgo de accidentes, por lo cual demandan al Gobierno del Estado que se rehabiliten los caminos.<\/p>\n\n\n\n<p>Incluso cavaron una zanja con una maquinaria para impedir el paso vehicular y peatonal; aunado a ello, hay gente armada que est\u00e1 a la espera de dispararlos en caso de que se atrevan a cruzar.<\/p>\n\n\n\n<p>Descartaron conflictos agrarios y adem\u00e1s de Jaltepec, denunciaron que Mar\u00eda Lombardo de Caso, El Porvenir y El Carrizal se han unido al ataque en contra de ellos.<\/p>\n\n\n\n<p>Demandaron la urgente intervenci\u00f3n del Presidente Andr\u00e9s Manuel L\u00f3pez Obrador, con la finalidad de rehabilitar los caminos y la energ\u00eda el\u00e9ctrica, para reanudar con sus actividades y proveerse de alimentos, antes de que haya muertos.<\/p>\n\n\n\n<figure class=\"wp-block-embed\"><div class=\"wp-block-embed__wrapper\">\nhttps:\/\/x.com\/ZonaRoja_Oaxaca\/status\/1729205642966233585?s=20\n<\/div><\/figure>\n","protected":false},"excerpt":{"rendered":"<p>Ismael Garc\u00eda M.\/Zona Roja. Oaxaca de Ju\u00e1rez, Oax., a 27 de noviembre de 2023.- Cuatro&hellip;<\/p>\n","protected":false},"author":2,"featured_media":62576,"comment_status":"closed","ping_status":"open","sticky":false,"template":"","format":"standard","meta":{"_lmt_disableupdate":"","_lmt_disable":"","_jetpack_memberships_contains_paid_content":false,"footnotes":""},"categories":[109,47],"tags":[1135],"class_list":["post-62575","post","type-post","status-publish","format-standard","has-post-thumbnail","hentry","category-minuto-a-minuto","category-zona-gris","tag-san-juan-cotzocon-mixe"],"jetpack_featured_media_url":"https:\/\/zonaroja.com.mx\/wp-content\/uploads\/2023\/11\/Conferencia-comunidades-de-San-Juan-Cotzocon.jpg","jetpack_sharing_enabled":true,"_links":{"self":[{"href":"https:\/\/zonaroja.com.mx\/index.php?rest_route=\/wp\/v2\/posts\/62575","targetHints":{"allow":["GET"]}}],"collection":[{"href":"https:\/\/zonaroja.com.mx\/index.php?rest_route=\/wp\/v2\/posts"}],"about":[{"href":"https:\/\/zonaroja.com.mx\/index.php?rest_route=\/wp\/v2\/types\/post"}],"author":[{"embeddable":true,"href":"https:\/\/zonaroja.com.mx\/index.php?rest_route=\/wp\/v2\/users\/2"}],"replies":[{"embeddable":true,"href":"https:\/\/zonaroja.com.mx\/index.php?rest_route=%2Fwp%2Fv2%2Fcomments&post=62575"}],"version-history":[{"count":1,"href":"https:\/\/zonaroja.com.mx\/index.php?rest_route=\/wp\/v2\/posts\/62575\/revisions"}],"predecessor-version":[{"id":62577,"href":"https:\/\/zonaroja.com.mx\/index.php?rest_route=\/wp\/v2\/posts\/62575\/revisions\/62577"}],"wp:featuredmedia":[{"embeddable":true,"href":"https:\/\/zonaroja.com.mx\/index.php?rest_route=\/wp\/v2\/media\/62576"}],"wp:attachment":[{"href":"https:\/\/zonaroja.com.mx\/index.php?rest_route=%2Fwp%2Fv2%2Fmedia&parent=62575"}],"wp:term":[{"taxonomy":"category","embeddable":true,"href":"https:\/\/zonaroja.com.mx\/index.php?rest_route=%2Fwp%2Fv2%2Fcategories&post=62575"},{"taxonomy":"post_tag","embeddable":true,"href":"https:\/\/zonaroja.com.mx\/index.php?rest_route=%2Fwp%2Fv2%2Ftags&post=62575"}],"curies":[{"name":"wp","href":"https:\/\/api.w.org\/{rel}","templated":true}]}}