{"id":62582,"date":"2023-11-27T22:15:01","date_gmt":"2023-11-28T04:15:01","guid":{"rendered":"http:\/\/www.zonaroja.com.mx\/?p=62582"},"modified":"2023-11-27T22:15:02","modified_gmt":"2023-11-28T04:15:02","slug":"otra-de-emilio-montero-por-irresponsabilidad-hoy-dos-protestas-educativas","status":"publish","type":"post","link":"https:\/\/zonaroja.com.mx\/?p=62582","title":{"rendered":"Otra de Emilio Montero: por irresponsabilidad, hoy dos protestas educativas"},"content":{"rendered":"\n<p>Redacci\u00f3n\/Zona Roja.<\/p>\n\n\n\n<p>Oaxaca de Ju\u00e1rez, Oax., a 27 de noviembre de 2023.- Debido a la irresponsabilidad del titular del IEEPO, Emilio Montero P\u00e9rez, este lunes se registraron dos bloqueos de vialidades.<\/p>\n\n\n\n<p>El primero de ellos, que dur\u00f3 todo el d\u00eda, fue en la supercarretera Oaxaca-Cuacnopalan, a la altura de Asunci\u00f3n Nochixtl\u00e1n, por parte de docentes de la Secci\u00f3n 22.<\/p>\n\n\n\n<p>El magisterio de la regi\u00f3n demanda la ampliaci\u00f3n y equipamiento del hospital del ISSSTE en Nochixtl\u00e1n, por lo cual efectuaron la movilizaci\u00f3n, que culmin\u00f3 esta noche.<\/p>\n\n\n\n<p>S\u00f3lo v\u00eda redes sociales, el director del Instituto Estatal de Educaci\u00f3n P\u00fablica de Oaxaca inform\u00f3 que el proceso est\u00e1 en marcha pero sin garantizar plazos ni acuerdos por escrito.<\/p>\n\n\n\n<p>El segundo bloqueo de vialidades fue en el Centro Hist\u00f3rico de la capital de Oaxaca, por parte de profesores jubilados afiliados a la Secci\u00f3n 22.<\/p>\n\n\n\n<p>Demandan que se respete que las plazas que dejan por jubilaci\u00f3n, sean heredadas directamente a sus hijos, lo cual fue anulado con la reforma educativa del a\u00f1o 2015.<\/p>\n\n\n\n<p>Denunciaron que la dirigencia que encabeza Yenny Aracely P\u00e9rez Mart\u00edne vende las plazas que quedan vacantes. Por ello, adem\u00e1s de cerrar la calle Armenta y L\u00f3pez con Guerrero y con Hidalgo, bloquearon el acceso a las oficinas sindicales.<\/p>\n\n\n\n<p>Se retiraron por la tarde pero sin tener ning\u00fan compromiso de las autoridades educativas por atender la problem\u00e1tica.<\/p>\n","protected":false},"excerpt":{"rendered":"<p>Redacci\u00f3n\/Zona Roja. Oaxaca de Ju\u00e1rez, Oax., a 27 de noviembre de 2023.- Debido a la&hellip;<\/p>\n","protected":false},"author":2,"featured_media":62578,"comment_status":"closed","ping_status":"open","sticky":false,"template":"","format":"standard","meta":{"_lmt_disableupdate":"","_lmt_disable":"","_jetpack_memberships_contains_paid_content":false,"footnotes":""},"categories":[109,47],"tags":[2264],"class_list":["post-62582","post","type-post","status-publish","format-standard","has-post-thumbnail","hentry","category-minuto-a-minuto","category-zona-gris","tag-bloqueos-y-protestas-oaxaca"],"jetpack_featured_media_url":"https:\/\/zonaroja.com.mx\/wp-content\/uploads\/2023\/11\/Bloqueo-supercarretera-Seccion-22.jpg","jetpack_sharing_enabled":true,"_links":{"self":[{"href":"https:\/\/zonaroja.com.mx\/index.php?rest_route=\/wp\/v2\/posts\/62582","targetHints":{"allow":["GET"]}}],"collection":[{"href":"https:\/\/zonaroja.com.mx\/index.php?rest_route=\/wp\/v2\/posts"}],"about":[{"href":"https:\/\/zonaroja.com.mx\/index.php?rest_route=\/wp\/v2\/types\/post"}],"author":[{"embeddable":true,"href":"https:\/\/zonaroja.com.mx\/index.php?rest_route=\/wp\/v2\/users\/2"}],"replies":[{"embeddable":true,"href":"https:\/\/zonaroja.com.mx\/index.php?rest_route=%2Fwp%2Fv2%2Fcomments&post=62582"}],"version-history":[{"count":1,"href":"https:\/\/zonaroja.com.mx\/index.php?rest_route=\/wp\/v2\/posts\/62582\/revisions"}],"predecessor-version":[{"id":62583,"href":"https:\/\/zonaroja.com.mx\/index.php?rest_route=\/wp\/v2\/posts\/62582\/revisions\/62583"}],"wp:featuredmedia":[{"embeddable":true,"href":"https:\/\/zonaroja.com.mx\/index.php?rest_route=\/wp\/v2\/media\/62578"}],"wp:attachment":[{"href":"https:\/\/zonaroja.com.mx\/index.php?rest_route=%2Fwp%2Fv2%2Fmedia&parent=62582"}],"wp:term":[{"taxonomy":"category","embeddable":true,"href":"https:\/\/zonaroja.com.mx\/index.php?rest_route=%2Fwp%2Fv2%2Fcategories&post=62582"},{"taxonomy":"post_tag","embeddable":true,"href":"https:\/\/zonaroja.com.mx\/index.php?rest_route=%2Fwp%2Fv2%2Ftags&post=62582"}],"curies":[{"name":"wp","href":"https:\/\/api.w.org\/{rel}","templated":true}]}}