{"id":62600,"date":"2023-11-28T10:30:00","date_gmt":"2023-11-28T16:30:00","guid":{"rendered":"http:\/\/www.zonaroja.com.mx\/?p=62600"},"modified":"2023-11-28T07:38:32","modified_gmt":"2023-11-28T13:38:32","slug":"instala-el-inpi-junta-de-gobierno-de-universidad-de-lenguas-indigenas-de-mexico","status":"publish","type":"post","link":"https:\/\/zonaroja.com.mx\/?p=62600","title":{"rendered":"Instala el INPI Junta de Gobierno de Universidad de Lenguas Ind\u00edgenas de M\u00e9xico"},"content":{"rendered":"\n<p>Redacci\u00f3n\/Zona Roja Cdmx.<\/p>\n\n\n\n<p>Ciudad de M\u00e9xico, a 28 de noviembre de 2023.- La creaci\u00f3n de la Universidad de las Lenguas Ind\u00edgenas de M\u00e9xico (ULIM) representa una m\u00e1s de las acciones del gobierno del presidente Andr\u00e9s Manuel L\u00f3pez Obrador para el reconocimiento y ejercicio del derecho de los pueblos originarios, asegur\u00f3 la secretaria de Educaci\u00f3n P\u00fablica (SEP), Leticia Ram\u00edrez Amaya.<\/p>\n\n\n\n<p>Durante la instalaci\u00f3n de la Junta de Gobierno de esta universidad, la titular de la SEP puntualiz\u00f3 que la ULIM fue creada con el prop\u00f3sito de proteger, revitalizar, fortalecer y desarrollar el patrimonio ling\u00fc\u00edstico de los pueblos ind\u00edgenas de M\u00e9xico.<\/p>\n\n\n\n<p>En la ceremonia, celebrada en la sede de la SEP, a\u00f1adi\u00f3 que con su creaci\u00f3n tambi\u00e9n se busca contribuir en la construcci\u00f3n de una sociedad que reconozca y respete su diversidad ling\u00fc\u00edstica, \u00e9tnica y cultural, con un enfoque comunitario e intercultural.<\/p>\n\n\n\n<p>Detall\u00f3 que en esta universidad se formar\u00e1n profesionistas en lenguas ind\u00edgenas en los niveles de licenciatura, especialidad, maestr\u00eda y doctorado, en las modalidades escolarizada, no escolarizada, mixta y dual, adem\u00e1s de que se realizar\u00e1 investigaci\u00f3n, difusi\u00f3n y vinculaci\u00f3n.<\/p>\n\n\n\n<p>El subsecretario de Educaci\u00f3n Superior, Luciano Concheiro B\u00f3rquez, se\u00f1al\u00f3 que la creaci\u00f3n de esta universidad representa la coronaci\u00f3n de diversas acciones llevadas a cabo por la actual administraci\u00f3n, \u201ces el cambio profundo al art\u00edculo tercero de nuestra Constituci\u00f3n, que reconoce la interculturalidad como un planteamiento fundamental\u201d.<\/p>\n\n\n\n<p>Agreg\u00f3 que su creaci\u00f3n permitir\u00e1 adem\u00e1s realizar todos los trazos respecto a los distintos aspectos de la educaci\u00f3n entre las lenguas ind\u00edgenas, as\u00ed como ver el tema de las traducciones, entro otros aspectos.<\/p>\n\n\n\n<p>UN PASO M\u00c1S<\/p>\n\n\n\n<p>El director general del Instituto Nacional de los Pueblos Ind\u00edgenas (INPI), Adelfo Regino Montes, se\u00f1al\u00f3 que la instalaci\u00f3n de la Junta de Gobierno de la ULIM es un paso m\u00e1s en la construcci\u00f3n de la Cuarta Transformaci\u00f3n de la vida p\u00fablica nacional.<\/p>\n\n\n\n<p>Record\u00f3 que la ULIM tendr\u00e1 su sede en Milpa Alta, porque como ha dicho el presidente, es el coraz\u00f3n de la resistencia ling\u00fc\u00edstica de la Ciudad de M\u00e9xico, un lugar donde a\u00fan existen bienes comunales, tierras y bosques comunales.<\/p>\n\n\n\n<p>Destac\u00f3 que desde el INPI ya se trabaja en la integraci\u00f3n del plan y programa de estudios de lo que ser\u00e1 la segunda licenciatura: Traducci\u00f3n e Interpretaci\u00f3n de Lenguas Ind\u00edgenas.<\/p>\n\n\n\n<p>Se\u00f1al\u00f3 que el informe presentado a la Junta de Gobierno, refiere que ya se iniciaron clases el d\u00eda 12 de octubre con la Licenciatura en Ense\u00f1anza de las Lenguas Ind\u00edgenas, la cual cuenta con 50 alumnas y alumnos procedentes de diversas entidades federativas, de diversos pueblos ind\u00edgenas y hablantes de distintas lenguas.<\/p>\n\n\n\n<p>Tambi\u00e9n, dijo, un taller en lengua n\u00e1huatl para empezar acciones concretas para la revitalizaci\u00f3n de las lenguas ind\u00edgenas de nuestro pa\u00eds.<\/p>\n","protected":false},"excerpt":{"rendered":"<p>Redacci\u00f3n\/Zona Roja Cdmx. Ciudad de M\u00e9xico, a 28 de noviembre de 2023.- La creaci\u00f3n de&hellip;<\/p>\n","protected":false},"author":2,"featured_media":62597,"comment_status":"closed","ping_status":"open","sticky":false,"template":"","format":"standard","meta":{"_lmt_disableupdate":"","_lmt_disable":"","_jetpack_memberships_contains_paid_content":false,"footnotes":""},"categories":[109,46],"tags":[557,3683],"class_list":["post-62600","post","type-post","status-publish","format-standard","has-post-thumbnail","hentry","category-minuto-a-minuto","category-zona-blanca","tag-adelfo-regino-montes","tag-instituto-nacional-de-pueblos-indigenas-inpi"],"jetpack_featured_media_url":"https:\/\/zonaroja.com.mx\/wp-content\/uploads\/2023\/11\/Universidad-de-Lenguas-Indigenas-3.jpeg","jetpack_sharing_enabled":true,"_links":{"self":[{"href":"https:\/\/zonaroja.com.mx\/index.php?rest_route=\/wp\/v2\/posts\/62600","targetHints":{"allow":["GET"]}}],"collection":[{"href":"https:\/\/zonaroja.com.mx\/index.php?rest_route=\/wp\/v2\/posts"}],"about":[{"href":"https:\/\/zonaroja.com.mx\/index.php?rest_route=\/wp\/v2\/types\/post"}],"author":[{"embeddable":true,"href":"https:\/\/zonaroja.com.mx\/index.php?rest_route=\/wp\/v2\/users\/2"}],"replies":[{"embeddable":true,"href":"https:\/\/zonaroja.com.mx\/index.php?rest_route=%2Fwp%2Fv2%2Fcomments&post=62600"}],"version-history":[{"count":1,"href":"https:\/\/zonaroja.com.mx\/index.php?rest_route=\/wp\/v2\/posts\/62600\/revisions"}],"predecessor-version":[{"id":62601,"href":"https:\/\/zonaroja.com.mx\/index.php?rest_route=\/wp\/v2\/posts\/62600\/revisions\/62601"}],"wp:featuredmedia":[{"embeddable":true,"href":"https:\/\/zonaroja.com.mx\/index.php?rest_route=\/wp\/v2\/media\/62597"}],"wp:attachment":[{"href":"https:\/\/zonaroja.com.mx\/index.php?rest_route=%2Fwp%2Fv2%2Fmedia&parent=62600"}],"wp:term":[{"taxonomy":"category","embeddable":true,"href":"https:\/\/zonaroja.com.mx\/index.php?rest_route=%2Fwp%2Fv2%2Fcategories&post=62600"},{"taxonomy":"post_tag","embeddable":true,"href":"https:\/\/zonaroja.com.mx\/index.php?rest_route=%2Fwp%2Fv2%2Ftags&post=62600"}],"curies":[{"name":"wp","href":"https:\/\/api.w.org\/{rel}","templated":true}]}}