{"id":62608,"date":"2023-11-28T13:30:00","date_gmt":"2023-11-28T19:30:00","guid":{"rendered":"http:\/\/www.zonaroja.com.mx\/?p=62608"},"modified":"2023-11-28T07:59:40","modified_gmt":"2023-11-28T13:59:40","slug":"detalla-fiscalia-de-oaxaca-decalogo-de-acciones-ante-conflictos-agrarios","status":"publish","type":"post","link":"https:\/\/zonaroja.com.mx\/?p=62608","title":{"rendered":"Detalla Fiscal\u00eda de Oaxaca dec\u00e1logo de acciones, ante conflictos agrarios"},"content":{"rendered":"\n<p>Redacci\u00f3n\/Zona Roja.&nbsp;<\/p>\n\n\n\n<p>Oaxaca de Ju\u00e1rez, Oax., a 28 de noviembre de 2023.- Como parte de las acciones del Grupo de Inteligencia y Coordinaci\u00f3n Agraria para la Paz en Territorio, la Fiscal\u00eda General del Estado de Oaxaca dio a conocer el dec\u00e1logo de actividades.<\/p>\n\n\n\n<p>Ayer, al participar en la Conferencia de Prensa de Seguridad, el fiscal Bernardo Rodr\u00edguez Alamilla, inform\u00f3 que como parte de esta estrategia, las instituciones de seguridad y procuraci\u00f3n de justicia llevar\u00e1n a cabo un dec\u00e1logo de acciones, de manera coordinada con instituciones de seguridad federal y estatal.&nbsp;<\/p>\n\n\n\n<p>La cual, dijo, tiene como objetivo atender tres ejes: 1) Atenci\u00f3n a las causas, di\u00e1logo y conciliaci\u00f3n; 2) Seguridad, Inteligencia y Justicia; y 3) Coordinaci\u00f3n Interinstitucional en materia Agraria, Social y Federal, de los cuales, la Fiscal\u00eda de Oaxaca tendr\u00e1 obligaciones directas en el segundo de ellos.<\/p>\n\n\n\n<p>Por lo que, Rodr\u00edguez Alamilla, enumer\u00f3 un dec\u00e1logo de acciones que efectuar\u00e1 la FGEO, de manera coordinada con instancias de seguridad p\u00fablica estatal y federal, as\u00ed como de gobernabilidad y derechos humanos, consistentes en:<\/p>\n\n\n\n<p>* Agilizar los procesos de procuraci\u00f3n de justicia, a trav\u00e9s de resultados en carpetas de investigaci\u00f3n pendientes.<\/p>\n\n\n\n<p>* Brindar atenci\u00f3n integral y multidisciplinaria a las v\u00edctimas directas e indirectas de estos conflictos.<\/p>\n\n\n\n<p>* Establecer cordones de seguridad, principalmente en las zonas lim\u00edtrofes de los conflictos en los que habr\u00e1 presencia de diferentes corporaciones de seguridad, tanto de nivel estatal como federal.<\/p>\n\n\n\n<p>* Hacer uso de herramientas tecnol\u00f3gicas que permitan llegar de manera r\u00e1pida, para atender de una forma m\u00e1s efectiva este fen\u00f3meno. Entre las cuales se encuentran vuelos con drones para observar las zonas, as\u00ed como vigilancia a trav\u00e9s de vuelos tripulados de helic\u00f3pteros.<\/p>\n\n\n\n<p>* Implementar filtros de seguridad para la entrada y salida de las zonas, para generar un control sobre la posesi\u00f3n de armas entre la poblaci\u00f3n civil.<\/p>\n\n\n\n<p>* Efectuar labores de inteligencia para saber, desde el interior de las comunidades, cu\u00e1les son los elementos que generan inestabilidad dentro de las poblaciones y neutralizarlos para garantizar la paz social.<\/p>\n\n\n\n<p>* Crear una unidad especializada para intervenciones t\u00e1cticas en las zonas de conflicto, por las particularidades de los casos, pues tienen exigencias diferentes la intervenci\u00f3n en zonas al interior del estado, que en las \u00e1reas urbanas.<\/p>\n\n\n\n<p>* Generar la coadyuvancia entre las instituciones de seguridad y la generaci\u00f3n de paz, para que el di\u00e1logo tenga el acompa\u00f1amiento operativo, en caso de ser necesario.<\/p>\n\n\n\n<p>* Emprender un programa de retiro de armas en estas zonas, pues los conflictos han revelado el uso de armas de grueso calibre y la inteligencia para saber de d\u00f3nde vienen estas armas.<\/p>\n\n\n\n<p>* Aplicar trabajos de inteligencia operativa para detectar la ruta de la cual vienen estas armas, para prevenir y tambi\u00e9n intervenir de manera oportuna.<\/p>\n","protected":false},"excerpt":{"rendered":"<p>Redacci\u00f3n\/Zona Roja.&nbsp; Oaxaca de Ju\u00e1rez, Oax., a 28 de noviembre de 2023.- Como parte de&hellip;<\/p>\n","protected":false},"author":2,"featured_media":62593,"comment_status":"closed","ping_status":"open","sticky":false,"template":"","format":"standard","meta":{"_lmt_disableupdate":"","_lmt_disable":"","_jetpack_memberships_contains_paid_content":false,"footnotes":""},"categories":[109,46],"tags":[494],"class_list":["post-62608","post","type-post","status-publish","format-standard","has-post-thumbnail","hentry","category-minuto-a-minuto","category-zona-blanca","tag-fiscalia-general-del-estado-de-oaxaca"],"jetpack_featured_media_url":"https:\/\/zonaroja.com.mx\/wp-content\/uploads\/2023\/11\/Jose-Bernardo-Rodriguez-Alamilla.jpg","jetpack_sharing_enabled":true,"_links":{"self":[{"href":"https:\/\/zonaroja.com.mx\/index.php?rest_route=\/wp\/v2\/posts\/62608","targetHints":{"allow":["GET"]}}],"collection":[{"href":"https:\/\/zonaroja.com.mx\/index.php?rest_route=\/wp\/v2\/posts"}],"about":[{"href":"https:\/\/zonaroja.com.mx\/index.php?rest_route=\/wp\/v2\/types\/post"}],"author":[{"embeddable":true,"href":"https:\/\/zonaroja.com.mx\/index.php?rest_route=\/wp\/v2\/users\/2"}],"replies":[{"embeddable":true,"href":"https:\/\/zonaroja.com.mx\/index.php?rest_route=%2Fwp%2Fv2%2Fcomments&post=62608"}],"version-history":[{"count":1,"href":"https:\/\/zonaroja.com.mx\/index.php?rest_route=\/wp\/v2\/posts\/62608\/revisions"}],"predecessor-version":[{"id":62609,"href":"https:\/\/zonaroja.com.mx\/index.php?rest_route=\/wp\/v2\/posts\/62608\/revisions\/62609"}],"wp:featuredmedia":[{"embeddable":true,"href":"https:\/\/zonaroja.com.mx\/index.php?rest_route=\/wp\/v2\/media\/62593"}],"wp:attachment":[{"href":"https:\/\/zonaroja.com.mx\/index.php?rest_route=%2Fwp%2Fv2%2Fmedia&parent=62608"}],"wp:term":[{"taxonomy":"category","embeddable":true,"href":"https:\/\/zonaroja.com.mx\/index.php?rest_route=%2Fwp%2Fv2%2Fcategories&post=62608"},{"taxonomy":"post_tag","embeddable":true,"href":"https:\/\/zonaroja.com.mx\/index.php?rest_route=%2Fwp%2Fv2%2Ftags&post=62608"}],"curies":[{"name":"wp","href":"https:\/\/api.w.org\/{rel}","templated":true}]}}