{"id":6261,"date":"2019-12-01T21:36:22","date_gmt":"2019-12-02T03:36:22","guid":{"rendered":"http:\/\/www.zonaroja.com.mx\/?p=6261"},"modified":"2019-12-01T21:36:25","modified_gmt":"2019-12-02T03:36:25","slug":"reciben-diputados-locales-a-comision-de-santa-catarina-juquila","status":"publish","type":"post","link":"https:\/\/zonaroja.com.mx\/?p=6261","title":{"rendered":"Reciben diputados locales a comisi\u00f3n de Santa Catarina Juquila"},"content":{"rendered":"\n<p>Redacci\u00f3n\/Zona Roja.<\/p>\n\n\n\n<p>Oaxaca de Ju\u00e1rez, Oax., 1 de diciembre\nde 2019.- Con el prop\u00f3sito de coadyuvar a pacificar la zona, un grupo de\ndiputados locales, encabezados por el presidente de la Junta de Coordinaci\u00f3n\nPol\u00edtica, Horacio Sosa Villavicencio, recibi\u00f3 a una comisi\u00f3n de autoridades de\nSanta Catarina Juquila.<\/p>\n\n\n\n<p>En la reuni\u00f3n, realizada en el centro\nde la ciudad de Oaxaca, se acord\u00f3 establecer una mesa de trabajo que se realizar\u00e1\nel pr\u00f3ximo jueves en las instalaciones del Poder Legislativo, ubicadas en San\nRaymundo Jalpan.<\/p>\n\n\n\n<p>El diputado Horacio Sosa extern\u00f3 el\ncompromiso de la Legislatura para coadyuvar a que el Gobierno del Estado\nproporcione la atenci\u00f3n necesaria para superar de manera pac\u00edfica los\nlamentables hechos registrados este fin de semana.<\/p>\n\n\n\n<p>El mi\u00e9rcoles pasado, el Congreso del\nEstado exhort\u00f3 en pleno al gobernador Alejandro Murat a que en lo inmediato\ninterviniera para garantizar definitivamente la seguridad y la paz social entre\nSantiago Yaitepec y Santa Catarina Juquila, despu\u00e9s de que el 24 de noviembre\nun grupo de personas encapuchadas y con armas de fuego arrib\u00f3 a \u201cEl Pedimento\u201d,\nJuquila.<\/p>\n\n\n\n<p>En el grupo de diputados que particip\u00f3\nen el di\u00e1logo, encabezado por Sosa Villavicencio, estuvieron Laura Estrada\nMauro, Magaly L\u00f3pez Dom\u00ednguez, Elisa Zepeda Lagunas, Delfina Guzm\u00e1n D\u00edaz, Juana\nAguilar Espinoza, Mauro Cruz S\u00e1nchez y Fredie Delf\u00edn Avenda\u00f1o.<\/p>\n\n\n\n<p>Por parte de Santa Catarina Juquila\nasistieron Ignacio Alberto Serrano Cruz Presidente del Comisariado de Bienes\nComunales; Francisco Franco, regidor de Obras del municipio de Santa Catarina\nJuquila y el presb\u00edtero Jacinto L\u00f3pez Monta\u00f1o, rector del Santuario de Juquila,\nentre otros.<\/p>\n","protected":false},"excerpt":{"rendered":"<p>Redacci\u00f3n\/Zona Roja. Oaxaca de Ju\u00e1rez, Oax., 1 de diciembre de 2019.- Con el prop\u00f3sito de&hellip;<\/p>\n","protected":false},"author":2,"featured_media":6262,"comment_status":"closed","ping_status":"open","sticky":false,"template":"","format":"standard","meta":{"_lmt_disableupdate":"","_lmt_disable":"","_jetpack_memberships_contains_paid_content":false,"footnotes":""},"categories":[109,47],"tags":[444,545],"class_list":["post-6261","post","type-post","status-publish","format-standard","has-post-thumbnail","hentry","category-minuto-a-minuto","category-zona-gris","tag-horacio-sosa-villavicencio","tag-santa-catarina-juquila"],"jetpack_featured_media_url":"https:\/\/zonaroja.com.mx\/wp-content\/uploads\/2019\/12\/Diputados-y-Juquila.png","jetpack_sharing_enabled":true,"_links":{"self":[{"href":"https:\/\/zonaroja.com.mx\/index.php?rest_route=\/wp\/v2\/posts\/6261","targetHints":{"allow":["GET"]}}],"collection":[{"href":"https:\/\/zonaroja.com.mx\/index.php?rest_route=\/wp\/v2\/posts"}],"about":[{"href":"https:\/\/zonaroja.com.mx\/index.php?rest_route=\/wp\/v2\/types\/post"}],"author":[{"embeddable":true,"href":"https:\/\/zonaroja.com.mx\/index.php?rest_route=\/wp\/v2\/users\/2"}],"replies":[{"embeddable":true,"href":"https:\/\/zonaroja.com.mx\/index.php?rest_route=%2Fwp%2Fv2%2Fcomments&post=6261"}],"version-history":[{"count":1,"href":"https:\/\/zonaroja.com.mx\/index.php?rest_route=\/wp\/v2\/posts\/6261\/revisions"}],"predecessor-version":[{"id":6263,"href":"https:\/\/zonaroja.com.mx\/index.php?rest_route=\/wp\/v2\/posts\/6261\/revisions\/6263"}],"wp:featuredmedia":[{"embeddable":true,"href":"https:\/\/zonaroja.com.mx\/index.php?rest_route=\/wp\/v2\/media\/6262"}],"wp:attachment":[{"href":"https:\/\/zonaroja.com.mx\/index.php?rest_route=%2Fwp%2Fv2%2Fmedia&parent=6261"}],"wp:term":[{"taxonomy":"category","embeddable":true,"href":"https:\/\/zonaroja.com.mx\/index.php?rest_route=%2Fwp%2Fv2%2Fcategories&post=6261"},{"taxonomy":"post_tag","embeddable":true,"href":"https:\/\/zonaroja.com.mx\/index.php?rest_route=%2Fwp%2Fv2%2Ftags&post=6261"}],"curies":[{"name":"wp","href":"https:\/\/api.w.org\/{rel}","templated":true}]}}