{"id":62610,"date":"2023-11-28T14:30:00","date_gmt":"2023-11-28T20:30:00","guid":{"rendered":"http:\/\/www.zonaroja.com.mx\/?p=62610"},"modified":"2023-11-28T08:01:47","modified_gmt":"2023-11-28T14:01:47","slug":"ratifican-tribunales-de-justicia-del-pais-a-eduardo-pinacho-como-vicepresidente","status":"publish","type":"post","link":"https:\/\/zonaroja.com.mx\/?p=62610","title":{"rendered":"Ratifican Tribunales de Justicia del pa\u00eds a Eduardo Pinacho como vicepresidente"},"content":{"rendered":"\n<p>Redacci\u00f3n\/Zona Roja.<\/p>\n\n\n\n<p>Oaxaca de Ju\u00e1rez, Oax., a 28 de noviembre de 2023.- El titular del Poder Judicial de&nbsp;Oaxaca, magistrado Eduardo Pinacho S\u00e1nchez&nbsp;asisti\u00f3 a la Cuarta Asamblea Plenaria Ordinaria de la Comisi\u00f3n Nacional de Tribunales Superiores de Justicia de los Estados Unidos Mexicanos (Conatrib) 2023,&nbsp;que tuvo como sede el estado de&nbsp;Tlaxcala,&nbsp;en&nbsp;la cual se renov\u00f3&nbsp;la mesa directiva, presidida por el&nbsp;presidente&nbsp;del Poder Judicial de la Ciudad de M\u00e9xico,&nbsp;magistrado&nbsp;Rafael Guerra \u00c1lvarez.<\/p>\n\n\n\n<p>En este marco, el&nbsp;magistrado Pinacho S\u00e1nchez,&nbsp;tom\u00f3 protesta&nbsp;como&nbsp;vicepresidente de la Regi\u00f3n Sur, de ese organismo&nbsp;que fomenta y fortalece v\u00ednculos&nbsp;de colaboraci\u00f3n en pro de mejorar la administraci\u00f3n de la justicia en el pa\u00eds, cargo que ocupa por segunda ocasi\u00f3n&nbsp;y&nbsp;refrend\u00f3 la disposici\u00f3n de su administraci\u00f3n, respecto a trabajar&nbsp;conjuntamente en prop\u00f3sitos que demandan un esfuerzo colectivo&nbsp;e&nbsp;incluyente.<\/p>\n\n\n\n<p>Durante la Asamblea Plenaria, con la representaci\u00f3n de la mayor\u00eda de Tribunales Estatales en el pa\u00eds, se abordaron temas de trascendencia en la configuraci\u00f3n de los Sistemas Estatales de impartici\u00f3n de justicia, como el desaf\u00edo que representa la implementaci\u00f3n del C\u00f3digo Nacional de Procedimientos Civiles y Familiares y las acciones que podr\u00e1n implementarse de manera conjunta para transitar hacia la digitalizaci\u00f3n de la justicia civil y familiar.<\/p>\n\n\n\n<p>Los integrantes de la Conatrib atendieron temas como la \u201cinteligencia artificial\u201d aplicada en la impartici\u00f3n de justicia;&nbsp;exhortos electr\u00f3nicos,&nbsp;las gu\u00edas judiciales para la valoraci\u00f3n de la prueba pericial&nbsp;y el seguimiento al proyecto TECLAB \u201cHacia Tribunales Efectivos y Justicia Laboral Coordinada\u201d.<\/p>\n\n\n\n<p>La&nbsp;ceremonia inaugural&nbsp;fue encabezada por&nbsp;la gobernadora del estado&nbsp;de Tlaxcala,&nbsp;Lorena Cuellar&nbsp;Cisneros; la presidenta del Poder Judicial del Estado de Tlaxcala, magistrada Mary Cruz Cort\u00e9s Ornelas&nbsp;y el magistrado Guerra \u00c1lvarez, entre otras personalidades, quienes coincidieron en la necesidad de fortalecer&nbsp;relaciones interinstitucionales que permitan conocer y compartir experiencias, opiniones y aprendizajes necesarios para cumplir con el objetivo de lograr una justicia pronta, completa e imparcial.<\/p>\n","protected":false},"excerpt":{"rendered":"<p>Redacci\u00f3n\/Zona Roja. Oaxaca de Ju\u00e1rez, Oax., a 28 de noviembre de 2023.- El titular del&hellip;<\/p>\n","protected":false},"author":2,"featured_media":62595,"comment_status":"closed","ping_status":"open","sticky":false,"template":"","format":"standard","meta":{"_lmt_disableupdate":"","_lmt_disable":"","_jetpack_memberships_contains_paid_content":false,"footnotes":""},"categories":[109,46],"tags":[223],"class_list":["post-62610","post","type-post","status-publish","format-standard","has-post-thumbnail","hentry","category-minuto-a-minuto","category-zona-blanca","tag-poder-judicial-de-oaxaca"],"jetpack_featured_media_url":"https:\/\/zonaroja.com.mx\/wp-content\/uploads\/2023\/11\/Tlaxcala-fue-sede-de-la-Asamblea-Plenaria-de-la-Conatrib.jpg","jetpack_sharing_enabled":true,"_links":{"self":[{"href":"https:\/\/zonaroja.com.mx\/index.php?rest_route=\/wp\/v2\/posts\/62610","targetHints":{"allow":["GET"]}}],"collection":[{"href":"https:\/\/zonaroja.com.mx\/index.php?rest_route=\/wp\/v2\/posts"}],"about":[{"href":"https:\/\/zonaroja.com.mx\/index.php?rest_route=\/wp\/v2\/types\/post"}],"author":[{"embeddable":true,"href":"https:\/\/zonaroja.com.mx\/index.php?rest_route=\/wp\/v2\/users\/2"}],"replies":[{"embeddable":true,"href":"https:\/\/zonaroja.com.mx\/index.php?rest_route=%2Fwp%2Fv2%2Fcomments&post=62610"}],"version-history":[{"count":1,"href":"https:\/\/zonaroja.com.mx\/index.php?rest_route=\/wp\/v2\/posts\/62610\/revisions"}],"predecessor-version":[{"id":62611,"href":"https:\/\/zonaroja.com.mx\/index.php?rest_route=\/wp\/v2\/posts\/62610\/revisions\/62611"}],"wp:featuredmedia":[{"embeddable":true,"href":"https:\/\/zonaroja.com.mx\/index.php?rest_route=\/wp\/v2\/media\/62595"}],"wp:attachment":[{"href":"https:\/\/zonaroja.com.mx\/index.php?rest_route=%2Fwp%2Fv2%2Fmedia&parent=62610"}],"wp:term":[{"taxonomy":"category","embeddable":true,"href":"https:\/\/zonaroja.com.mx\/index.php?rest_route=%2Fwp%2Fv2%2Fcategories&post=62610"},{"taxonomy":"post_tag","embeddable":true,"href":"https:\/\/zonaroja.com.mx\/index.php?rest_route=%2Fwp%2Fv2%2Ftags&post=62610"}],"curies":[{"name":"wp","href":"https:\/\/api.w.org\/{rel}","templated":true}]}}