{"id":62614,"date":"2023-11-28T17:45:51","date_gmt":"2023-11-28T23:45:51","guid":{"rendered":"http:\/\/www.zonaroja.com.mx\/?p=62614"},"modified":"2023-11-28T17:45:54","modified_gmt":"2023-11-28T23:45:54","slug":"violencia-irracional-y-desmedida-de-pueblos-de-la-sierra-sur-desata-caos-e-n-oaxaca","status":"publish","type":"post","link":"https:\/\/zonaroja.com.mx\/?p=62614","title":{"rendered":"Violencia irracional y desmedida de pueblos de la Sierra Sur desata caos e n Oaxaca"},"content":{"rendered":"\n<p>Yuridiana Sosa\/Zona Roja.<\/p>\n\n\n\n<p>Oaxaca de Ju\u00e1rez, Oax., a 28 de noviembre de 2023.- Mujeres y un polic\u00eda golpeados, bloqueos carreteros, veh\u00edculos da\u00f1ados y hasta un funcionario de la Secretar\u00eda de Gobierno (Sego)&nbsp;amarrado, son parte del saldo de la violenta protesta de los manifestantes de comunidades que conforman la Uni\u00f3n de Ayuntamientos de la Sierra Sur (UASS).<\/p>\n\n\n\n<p>Armados con palos y semicubiertos del rostro, los inconformes protagonizaron una jornada intensa en la que tambi\u00e9n se registraron trabajadores retenidos, bloqueos y el incendio de un basurero en las instalaciones de Ciudad Administrativa.<\/p>\n\n\n\n<p>Los violentos pobladores arribaron a Ciudad Administrativa, en Tlalixtac de Cabrera, y Ciudad Judicial, en Reyes Mantec\u00f3n, para exigir al Gobierno del Estado cumplimiento a sus demandas, sin embargo, la ciudadan\u00eda pag\u00f3 las consecuencias.<\/p>\n\n\n\n<p>Desde temprana hora, los manifestantes, entre ellos habitantes de Santo Domingo Teojomulco, Santa Mar\u00eda Sola y San Francisco Sola, llegaron a Ciudad Administrativa y Ciudad Judicial, para apoderarse de las instalaciones.<\/p>\n\n\n\n<p>En la sede de Ciudad Administrativa, un elemento policial fue atacado a palazos, adem\u00e1s de quitarle el arma, y retuvieron un cami\u00f3n del transporte p\u00fablico para instalar un bloqueo sobre la carretera federal&nbsp; 190, en inmediaciones del lugar.<\/p>\n\n\n\n<p>Durante la protesta, los pobladores amedrentaron a la ciudadan\u00eda que iba de paso, mientras que en otro caso, un conductor molesto con el bloqueo trat\u00f3 de pasarlo sin medir consecuencias, arrollando al menos a 10 personas.<\/p>\n\n\n\n<p>Ante el hecho, el veh\u00edculo particular detuvo la marcha y corriendo huy\u00f3 del lugar ante los violentos manifestantes que trataron de darle alcance.<\/p>\n\n\n\n<p>Trabajadores de Ciudad Administrativa quedaron retenidos en estacionamientos, mientras que trabajadores del Juzgado Cuarto del Poder Judicial tambi\u00e9n fueron encerrados; de forma preliminar se inform\u00f3 que dos trabajadoras de Ciudad Judicial, adheridas al sindicato de bur\u00f3cratas STPEIDCEO, fueron agredidas f\u00edsicamente.<\/p>\n\n\n\n<p>Como forma de presi\u00f3n, los manifestantes tambi\u00e9n prendieron fuego al basurero que se ubica en una parte del estacionamiento del complejo, lo que gener\u00f3 mayor temor entre los trabajadores, que demandaron la intervenci\u00f3n de bomberos y elementos policiales.<\/p>\n\n\n\n<p>Ante estos hechos, el Comit\u00e9 Ejecutivo sindical exigi\u00f3 al gobierno del estado garantizar la seguridad de los empleados, quienes rechazan ser rehenes de organizaciones.<\/p>\n\n\n\n<p>Casi de forma simult\u00e1nea a los hechos, el Gobernador del Estado, Salom\u00f3n Jara, inform\u00f3 que no intervendr\u00eda la fuerza p\u00fablica y priorizaron el di\u00e1logo, por lo que citaron con los inconformes a un encuentro al mediod\u00eda de este martes.<\/p>\n\n\n\n<p>M\u00e1s tarde, ante lo que los inconformes consideraron ineptitud de las autoridades y sin acciones en su contra por parte del gobierno, arremetieron contra &nbsp;\u00c9dgar Gandarillas, funcionario de la Sego.<\/p>\n\n\n\n<p>Gandarillas fue amarrado a un poste sobre el camell\u00f3n de la carretera federal 190, en inmediaciones de Ciudad Administrativa, en Tlalixtac. Adem\u00e1s, vandalizaron un taxi colectivo, golpearon a m\u00e1s personas y extendieron su bloque en la carretera al Istmo, en el libramiento a El Tule.&nbsp;<\/p>\n\n\n\n<p>Todo ello pese a que las autoridades estatales les ofrecieron una mesa de di\u00e1logo, con la finalidad de escuchar y atender sus demandas.<\/p>\n\n\n\n<p>V\u00eda redes sociales se revel\u00f3 que uno de quienes azuzan la violencia es el diputado federal por Morena, Daniel Guti\u00e9rrez, al igual que lo ha hecho en ocasiones anteriores.<\/p>\n","protected":false},"excerpt":{"rendered":"<p>Yuridiana Sosa\/Zona Roja. Oaxaca de Ju\u00e1rez, Oax., a 28 de noviembre de 2023.- Mujeres y&hellip;<\/p>\n","protected":false},"author":2,"featured_media":62615,"comment_status":"closed","ping_status":"open","sticky":false,"template":"","format":"standard","meta":{"_lmt_disableupdate":"","_lmt_disable":"","_jetpack_memberships_contains_paid_content":false,"footnotes":""},"categories":[109,47],"tags":[2264,3284],"class_list":["post-62614","post","type-post","status-publish","format-standard","has-post-thumbnail","hentry","category-minuto-a-minuto","category-zona-gris","tag-bloqueos-y-protestas-oaxaca","tag-santo-domingo-teojomulco"],"jetpack_featured_media_url":"https:\/\/zonaroja.com.mx\/wp-content\/uploads\/2023\/11\/Violencia-Sierra-Sur-Oaxaca-Teojomulco.jpg","jetpack_sharing_enabled":true,"_links":{"self":[{"href":"https:\/\/zonaroja.com.mx\/index.php?rest_route=\/wp\/v2\/posts\/62614","targetHints":{"allow":["GET"]}}],"collection":[{"href":"https:\/\/zonaroja.com.mx\/index.php?rest_route=\/wp\/v2\/posts"}],"about":[{"href":"https:\/\/zonaroja.com.mx\/index.php?rest_route=\/wp\/v2\/types\/post"}],"author":[{"embeddable":true,"href":"https:\/\/zonaroja.com.mx\/index.php?rest_route=\/wp\/v2\/users\/2"}],"replies":[{"embeddable":true,"href":"https:\/\/zonaroja.com.mx\/index.php?rest_route=%2Fwp%2Fv2%2Fcomments&post=62614"}],"version-history":[{"count":1,"href":"https:\/\/zonaroja.com.mx\/index.php?rest_route=\/wp\/v2\/posts\/62614\/revisions"}],"predecessor-version":[{"id":62616,"href":"https:\/\/zonaroja.com.mx\/index.php?rest_route=\/wp\/v2\/posts\/62614\/revisions\/62616"}],"wp:featuredmedia":[{"embeddable":true,"href":"https:\/\/zonaroja.com.mx\/index.php?rest_route=\/wp\/v2\/media\/62615"}],"wp:attachment":[{"href":"https:\/\/zonaroja.com.mx\/index.php?rest_route=%2Fwp%2Fv2%2Fmedia&parent=62614"}],"wp:term":[{"taxonomy":"category","embeddable":true,"href":"https:\/\/zonaroja.com.mx\/index.php?rest_route=%2Fwp%2Fv2%2Fcategories&post=62614"},{"taxonomy":"post_tag","embeddable":true,"href":"https:\/\/zonaroja.com.mx\/index.php?rest_route=%2Fwp%2Fv2%2Ftags&post=62614"}],"curies":[{"name":"wp","href":"https:\/\/api.w.org\/{rel}","templated":true}]}}