{"id":62617,"date":"2023-11-28T19:40:42","date_gmt":"2023-11-29T01:40:42","guid":{"rendered":"http:\/\/www.zonaroja.com.mx\/?p=62617"},"modified":"2023-11-28T19:40:44","modified_gmt":"2023-11-29T01:40:44","slug":"desmantelan-en-oaxaca-grupos-del-crimen-organizado","status":"publish","type":"post","link":"https:\/\/zonaroja.com.mx\/?p=62617","title":{"rendered":"Desmantelan en Oaxaca grupos del crimen organizado"},"content":{"rendered":"\n<p>Yuridiana Sosa\/Zona Roja.<\/p>\n\n\n\n<p>Oaxaca de Ju\u00e1rez, Oax., a 28 de noviembre de 2023.- Armas de fuego, cargadores, drogas, entre otros art\u00edculos fueron decomisados este fin de semana en diferentes operativos de seguridad contra la delincuencia organizada en la entidad, en los que resultaron detenidas 19 personas, cinco de ellos del fuero federal.<\/p>\n\n\n\n<p>El secretario de Seguridad y Protecci\u00f3n Ciudadana de Oaxaca, Iv\u00e1n Garc\u00eda \u00c1lvarez, asegur\u00f3 que con los diversos operativos, coordinados con las fuerzas federales se est\u00e1 desmantelando a la delincuencia organizada que existe en la entidad, tanto de c\u00e9lulas delictivas grandes como de c\u00e9lulas locales.<\/p>\n\n\n\n<p>\u201cLa secretar\u00eda de seguridad y Fiscal\u00eda de Oaxaca hacen operativos que permiten desmantelar a c\u00e9lulas delictivas grandes y locales que est\u00e1n interactuando por un tema de tr\u00e1fico de drogas\u201d, destac\u00f3.<\/p>\n\n\n\n<p>En conferencia de Seguridad, el titular de la SSyPC , apunt\u00f3 que durante el fin de semana se llevaron a cabo operativos en Juchit\u00e1n de Zaragoza y Salina Cruz, en la regi\u00f3n del Istmo, y San Juan Bautista Tuxtepec, en la Cuenca, en los que se detuvieron a personas por portaci\u00f3n de armas y drogas.<\/p>\n\n\n\n<p>OPERATIVOS<\/p>\n\n\n\n<p>En materia de armamento, apunt\u00f3, que en San Juan Bautista Tuxtepec se detuvieron a cuatro varones, dos de 27 a\u00f1os, 47 y 56 a\u00f1os de edad, as\u00ed como se asegur\u00f3 un veh\u00edculo taxi en el que se localiz\u00f3 una arma larga 223, es decir, una R-15, un cargador; 54 cartuchos calibre 223.<\/p>\n\n\n\n<p>El secretario detall\u00f3 que tambi\u00e9n se encontraron radios de comunicaciones \u201ccomo los que utiliza el halconeo en el estado\u201d; mochila negra, cuerda, pasamonta\u00f1a y maletas.<\/p>\n\n\n\n<p>Esto en un recorrido de vigilancia en la carretera 147, tramo Tuxtepec-Palomares en la entrada a la comunidad Cerro Flores.<\/p>\n\n\n\n<p>Mientras que en Salina cruz, se detuvo a una joven mujer de 18 a\u00f1os, que portaba una bolsa con marihuana, celulares, 28 dosis de marihuana, 138 dosis de cristal y dinero en efectivo.<\/p>\n\n\n\n<p>Con el apoyo de la Secretar\u00eda de Marina, en Juchit\u00e1n de Zaragoza se decomisaron dos armas largas, un arma corta 389, cargador met\u00e1lico; dos armas largas AR15, chalecos t\u00e1cticos, siete cartuchos calibre 380; cartuchos calibre nueve mil\u00edmetros y 90 cartuchos 223.<\/p>\n\n\n\n<p>\u201cEstamos desmantelando grupos delictivos\u201d, asever\u00f3 el capit\u00e1n Iv\u00e1n Garc\u00eda.&nbsp;<\/p>\n","protected":false},"excerpt":{"rendered":"<p>Yuridiana Sosa\/Zona Roja. Oaxaca de Ju\u00e1rez, Oax., a 28 de noviembre de 2023.- Armas de&hellip;<\/p>\n","protected":false},"author":2,"featured_media":62592,"comment_status":"closed","ping_status":"open","sticky":false,"template":"","format":"standard","meta":{"_lmt_disableupdate":"","_lmt_disable":"","_jetpack_memberships_contains_paid_content":false,"footnotes":""},"categories":[109,46],"tags":[1421],"class_list":["post-62617","post","type-post","status-publish","format-standard","has-post-thumbnail","hentry","category-minuto-a-minuto","category-zona-blanca","tag-secretaria-de-seguridad-publica-de-oaxaca-sspo"],"jetpack_featured_media_url":"https:\/\/zonaroja.com.mx\/wp-content\/uploads\/2023\/11\/Ivan-Garcia-Alvarez.jpg","jetpack_sharing_enabled":true,"_links":{"self":[{"href":"https:\/\/zonaroja.com.mx\/index.php?rest_route=\/wp\/v2\/posts\/62617","targetHints":{"allow":["GET"]}}],"collection":[{"href":"https:\/\/zonaroja.com.mx\/index.php?rest_route=\/wp\/v2\/posts"}],"about":[{"href":"https:\/\/zonaroja.com.mx\/index.php?rest_route=\/wp\/v2\/types\/post"}],"author":[{"embeddable":true,"href":"https:\/\/zonaroja.com.mx\/index.php?rest_route=\/wp\/v2\/users\/2"}],"replies":[{"embeddable":true,"href":"https:\/\/zonaroja.com.mx\/index.php?rest_route=%2Fwp%2Fv2%2Fcomments&post=62617"}],"version-history":[{"count":1,"href":"https:\/\/zonaroja.com.mx\/index.php?rest_route=\/wp\/v2\/posts\/62617\/revisions"}],"predecessor-version":[{"id":62619,"href":"https:\/\/zonaroja.com.mx\/index.php?rest_route=\/wp\/v2\/posts\/62617\/revisions\/62619"}],"wp:featuredmedia":[{"embeddable":true,"href":"https:\/\/zonaroja.com.mx\/index.php?rest_route=\/wp\/v2\/media\/62592"}],"wp:attachment":[{"href":"https:\/\/zonaroja.com.mx\/index.php?rest_route=%2Fwp%2Fv2%2Fmedia&parent=62617"}],"wp:term":[{"taxonomy":"category","embeddable":true,"href":"https:\/\/zonaroja.com.mx\/index.php?rest_route=%2Fwp%2Fv2%2Fcategories&post=62617"},{"taxonomy":"post_tag","embeddable":true,"href":"https:\/\/zonaroja.com.mx\/index.php?rest_route=%2Fwp%2Fv2%2Ftags&post=62617"}],"curies":[{"name":"wp","href":"https:\/\/api.w.org\/{rel}","templated":true}]}}